{"id":6581,"date":"2011-06-21T23:51:54","date_gmt":"2011-06-21T22:51:54","guid":{"rendered":"http:\/\/www.bagn.no\/?p=6581"},"modified":"2011-06-21T23:51:54","modified_gmt":"2011-06-21T22:51:54","slug":"stralende-jubileumsfeiring-pa-fossvang","status":"publish","type":"post","link":"https:\/\/www.bagn.no\/?p=6581","title":{"rendered":"Str\u00e5lende jubileumsfeiring p\u00e5 Fossvang"},"content":{"rendered":"<p>Denne helga var satt av til feiring av Bagn ILs 100-\u00e5rsjubileum, <a href=\\\"http:\/\/www.bagn.no\/wp-content\/upLoads\/11.06.19-Jubileumshelg-Fossvang-027.jpg\\\"><img class=\\\"alignright size-medium wp-image-6582\\\" src=\\\"http:\/\/www.bagn.no\/wp-content\/upLoads\/11.06.19-Jubileumshelg-Fossvang-027-500x332.jpg\\\" alt=\\\"\\\" width=\\\"260\\\" height=\\\"165\\\" \/><\/a>og\u00a0for en helg det ble!\u00a0 L\u00f8rdag spilte M\u00f8Tre til dans, og oppm\u00f8tet var bra tatt i betraktning det ustabile v\u00e6ret denne kvelden.\u00a0 S\u00f8ndag var familiedag med sv\u00e6rt variert program.\u00a0 En dyktig og arbeidssom arrangementskomit\u00e8 (se bilde lenger ned) hadde\u00a0laget en super dag og\u00a0til og med f\u00e5tt v\u00e6rgudene med seg! \u00a0Se noen inntrykk fra feiringen:\u00a0\u00a0\u00a0 <!--more--><\/p>\n<p><a href=\\\"http:\/\/www.bagn.no\/wp-content\/upLoads\/11.06.19-Jubileumshelg-Fossvang-060.jpg\\\"><img class=\\\"aligncenter size-medium wp-image-6585\\\" src=\\\"http:\/\/www.bagn.no\/wp-content\/upLoads\/11.06.19-Jubileumshelg-Fossvang-060-500x332.jpg\\\" alt=\\\"\\\" width=\\\"500\\\" height=\\\"332\\\" \/><\/a><\/p>\n<p>Dagen ble innledet med vennskapelig kappestrid mellom \u00d8stre og Vestre Bagn, representert ved unge spreke karer.\u00a0 \u00d8velsene var ulike go\\&#8217;karstykkjo med inspirasjon fra bl.a. Mesternes mester og Farmen.\u00a0 \u00d8stre Bagn trakk det lengste str\u00e5et til slutt, men Vestre Bagn\u00a0var r\u00e5 p\u00e5 bl.a. hallingkast.\u00a0 P\u00e5 bildet, Svein Harald Hansson i luftig svev.<\/p>\n<p><a href=\\\"http:\/\/www.bagn.no\/wp-content\/upLoads\/11.06.19-Jubileumshelg-Fossvang-014.jpg\\\"><img class=\\\"alignleft size-medium wp-image-6586\\\" src=\\\"http:\/\/www.bagn.no\/wp-content\/upLoads\/11.06.19-Jubileumshelg-Fossvang-014-500x332.jpg\\\" alt=\\\"\\\" width=\\\"241\\\" height=\\\"160\\\" \/><\/a><a href=\\\"http:\/\/www.bagn.no\/wp-content\/upLoads\/11.06.19-Jubileumshelg-Fossvang-018.jpg\\\"><img class=\\\"alignright size-medium wp-image-6587\\\" src=\\\"http:\/\/www.bagn.no\/wp-content\/upLoads\/11.06.19-Jubileumshelg-Fossvang-018-500x332.jpg\\\" alt=\\\"\\\" width=\\\"225\\\" height=\\\"152\\\" \/><\/a><\/p>\n<p>Svein Harald var i s\u00e6rklasse ogs\u00e5 p\u00e5 melkespann-l\u00f8fting.\u00a0 Morten og Bj\u00f8rnar gjorde det bra i st\u00f8velkasting.\u00a0 Morten\u00a0b\u00e6rer dessuten synlig\u00a0preg av egg-kaste\u00f8velsen :-).<\/p>\n<p><a href=\\\"http:\/\/www.bagn.no\/wp-content\/upLoads\/11.06.19-Jubileumshelg-Fossvang-041.jpg\\\"><img class=\\\"aligncenter size-medium wp-image-6595\\\" src=\\\"http:\/\/www.bagn.no\/wp-content\/upLoads\/11.06.19-Jubileumshelg-Fossvang-041-500x332.jpg\\\" alt=\\\"\\\" width=\\\"500\\\" height=\\\"332\\\" \/><\/a>Turid Gjerde (og Siv Nybr\u00e5ten) skapte mange\u00a0fargerike og flotte ansikter i l\u00f8pet av dagen.<\/p>\n<p><a href=\\\"http:\/\/www.bagn.no\/wp-content\/upLoads\/11.06.19-Jubileumshelg-Fossvang-0581.jpg\\\"><img class=\\\"aligncenter size-medium wp-image-6635\\\" src=\\\"http:\/\/www.bagn.no\/wp-content\/upLoads\/11.06.19-Jubileumshelg-Fossvang-0581-500x332.jpg\\\" alt=\\\"\\\" width=\\\"500\\\" height=\\\"332\\\" \/><\/a><\/p>\n<p><a href=\\\"http:\/\/www.bagn.no\/wp-content\/upLoads\/11.06.19-Jubileumshelg-Fossvang-0211.jpg\\\"><img class=\\\"aligncenter size-medium wp-image-6625\\\" src=\\\"http:\/\/www.bagn.no\/wp-content\/upLoads\/11.06.19-Jubileumshelg-Fossvang-0211-500x332.jpg\\\" alt=\\\"\\\" width=\\\"500\\\" height=\\\"332\\\" \/><\/a>\u00c5 kj\u00f8re helikopter var en sv\u00e6rt popul\u00e6r aktivitet.<\/p>\n<a href=\\\"http:\/\/www.bagn.no\/wp-content\/upLoads\/11.06.19-Jubileumshelg-Fossvang-023.jpg\\\"><img class=\\\"size-medium wp-image-6597\\\" src=\\\"http:\/\/www.bagn.no\/wp-content\/upLoads\/11.06.19-Jubileumshelg-Fossvang-023-500x332.jpg\\\" alt=\\\"\\\" width=\\\"500\\\" height=\\\"332\\\" \/><\/a>\n<a href=\\\"http:\/\/www.bagn.no\/wp-content\/upLoads\/11.06.19-Jubileumshelg-Fossvang-001.jpg\\\"><img class=\\\"size-medium wp-image-6598\\\" src=\\\"http:\/\/www.bagn.no\/wp-content\/upLoads\/11.06.19-Jubileumshelg-Fossvang-001-500x332.jpg\\\" alt=\\\"\\\" width=\\\"500\\\" height=\\\"332\\\" \/><\/a>\n<p><a href=\\\"http:\/\/www.bagn.no\/wp-content\/upLoads\/11.06.19-Jubileumshelg-Fossvang-048.jpg\\\"><\/a><\/p>\n<div class=\\\"mceTemp mceIEcenter\\\">\n<dl>\n<dt><a href=\\\"http:\/\/www.bagn.no\/wp-content\/upLoads\/11.06.19-Jubileumshelg-Fossvang-048.jpg\\\"><\/a><img class=\\\"aligncenter size-medium wp-image-6599\\\" src=\\\"http:\/\/www.bagn.no\/wp-content\/upLoads\/11.06.19-Jubileumshelg-Fossvang-048-500x332.jpg\\\" alt=\\\"\\\" width=\\\"500\\\" height=\\\"332\\\" \/><\/dt>\n<\/dl>\n<\/div>\n<dl><\/dl>\n<a href=\\\"http:\/\/www.bagn.no\/wp-content\/upLoads\/11.06.19-Jubileumshelg-Fossvang-0491.jpg\\\"><img class=\\\"size-medium wp-image-6601\\\" src=\\\"http:\/\/www.bagn.no\/wp-content\/upLoads\/11.06.19-Jubileumshelg-Fossvang-0491-500x332.jpg\\\" alt=\\\"\\\" width=\\\"500\\\" height=\\\"332\\\" \/><\/a>\n<div class=\\\"mceTemp\\\"><a href=\\\"http:\/\/www.bagn.no\/wp-content\/upLoads\/11.06.19-Jubileumshelg-Fossvang-0361.jpg\\\"><img class=\\\"alignleft size-medium wp-image-6608\\\" src=\\\"http:\/\/www.bagn.no\/wp-content\/upLoads\/11.06.19-Jubileumshelg-Fossvang-0361-332x500.jpg\\\" alt=\\\"\\\" width=\\\"332\\\" height=\\\"500\\\" \/><\/a>Mathias Kleven er\u00a0fryktl\u00f8s p\u00e5 hoppkanten som s\u00e5 ofte ellers.\u00a0 Hoppentusiastene Arne Olav og Egil\u00a0 organiserer hoppingen.\u00a0<\/div>\n<div class=\\\"mceTemp\\\">Andre aktiviteter \u00e5 pr\u00f8ve seg p\u00e5 var presisjonsskyting p\u00e5 fotballm\u00e5l, stylteg\u00e5ing, st\u00f8velkasting, hesteskokasting, lassokasting m.m.<\/div>\n<div class=\\\"mceTemp\\\">\n<a href=\\\"http:\/\/www.bagn.no\/wp-content\/upLoads\/11.06.19-Jubileumshelg-Fossvang-0514.jpg\\\"><img class=\\\"size-medium wp-image-6644\\\" src=\\\"http:\/\/www.bagn.no\/wp-content\/upLoads\/11.06.19-Jubileumshelg-Fossvang-0514-500x332.jpg\\\" alt=\\\"\\\" width=\\\"500\\\" height=\\\"332\\\" \/><\/a>\n<\/div>\n<div class=\\\"mceTemp\\\">\n<a href=\\\"http:\/\/www.bagn.no\/wp-content\/upLoads\/11.06.19-Jubileumshelg-Fossvang-062.jpg\\\"><img class=\\\"size-medium wp-image-6617\\\" src=\\\"http:\/\/www.bagn.no\/wp-content\/upLoads\/11.06.19-Jubileumshelg-Fossvang-062-500x332.jpg\\\" alt=\\\"\\\" width=\\\"500\\\" height=\\\"332\\\" \/><\/a>\n<\/div>\n<div class=\\\"mceTemp\\\">\n<div class=\\\"mceTemp mceIEcenter\\\">\n<a href=\\\"http:\/\/www.bagn.no\/wp-content\/upLoads\/11.06.19-Jubileumshelg-Fossvang-086.jpg\\\"><img class=\\\"size-medium wp-image-6618\\\" src=\\\"http:\/\/www.bagn.no\/wp-content\/upLoads\/11.06.19-Jubileumshelg-Fossvang-086-500x332.jpg\\\" alt=\\\"\\\" width=\\\"500\\\" height=\\\"332\\\" \/><\/a>\n<\/div>\n<a href=\\\"http:\/\/www.bagn.no\/wp-content\/upLoads\/11.06.19-Jubileumshelg-Fossvang-074.jpg\\\"><img class=\\\"size-medium wp-image-6609\\\" src=\\\"http:\/\/www.bagn.no\/wp-content\/upLoads\/11.06.19-Jubileumshelg-Fossvang-074-500x332.jpg\\\" alt=\\\"\\\" width=\\\"500\\\" height=\\\"332\\\" \/><\/a>\n<\/div>\n<p><a href=\\\"http:\/\/www.bagn.no\/wp-content\/upLoads\/11.06.19-Jubileumshelg-Fossvang-082.jpg\\\"><\/a><\/p>\n<p><a href=\\\"http:\/\/www.bagn.no\/wp-content\/upLoads\/11.06.19-Jubileumshelg-Fossvang-083.jpg\\\"><img class=\\\"aligncenter size-medium wp-image-6612\\\" src=\\\"http:\/\/www.bagn.no\/wp-content\/upLoads\/11.06.19-Jubileumshelg-Fossvang-083-500x332.jpg\\\" alt=\\\"\\\" width=\\\"500\\\" height=\\\"332\\\" \/><\/a><\/p>\n<p>3 nye \u00e6resmedlemmer ble utnevnt, for p\u00e5 ulike vis \u00e5 ha gitt sv\u00e6rt verdifulle bidrag til idrettslaget.\u00a0 Disse er Kristian Berglund, \u00a0\u00a0Ole Hermann Aamodt og Tore Skjerve.\u00a0 Her omkranser de eneste n\u00e5levende \u00e6resmedlem\u00a0i BIL fra\u00a01997, Kjell Dokken (Niffen).<\/p>\n<p>\u00a0<a href=\\\"http:\/\/www.bagn.no\/wp-content\/upLoads\/11.06.19-Jubileumshelg-Fossvang-0823.jpg\\\"><img class=\\\"aligncenter size-medium wp-image-6647\\\" src=\\\"http:\/\/www.bagn.no\/wp-content\/upLoads\/11.06.19-Jubileumshelg-Fossvang-0823-500x332.jpg\\\" alt=\\\"\\\" width=\\\"500\\\" height=\\\"332\\\" \/><\/a><\/p>\n<div class=\\\"mceTemp mceIEcenter\\\">Idrettslagslederen benyttet anledningen til \u00e5 trekke fram\u00a0komiteen som hadde\u00a0\u00e6ren for \u00a0jubileumsmarkeringen. \u00a0Sentrale akt\u00f8rer var Bente B. Dokken,\u00a0 Svein Gran\u00e5s, Gro Merete Holde, Oddrun Brattrud, \u00c5se Kristin Gran\u00e5s, Stig Svenstad og Torstein \u00d8yhus.\u00a0 Men komit\u00e8en ville ikke ha \u00e6ren alene, s\u00e5 de trakk opp p\u00e5 podiet alle positive sjeler som hadde bidratt med ymse oppgaver.\u00a0 Og de var ikke f\u00e5&#8230;\u00a0 <\/p>\n<dl>\n<dt><a href=\\\"http:\/\/www.bagn.no\/wp-content\/upLoads\/11.06.19-Jubileumshelg-Fossvang-070.jpg\\\"><img class=\\\"size-medium wp-image-6613\\\" src=\\\"http:\/\/www.bagn.no\/wp-content\/upLoads\/11.06.19-Jubileumshelg-Fossvang-070-500x332.jpg\\\" alt=\\\"\\\" width=\\\"500\\\" height=\\\"332\\\" \/><\/a><\/dt>\n<dd>Bj\u00f8rg Ingrid Brenno var trukket ut som \u00e5rets S\u00f8r-Aurdal Friskus for \u00e5 ha v\u00e6rt p\u00e5 ulike turm\u00e5l rundt omkring i bygda. Hun oppfordret mange flere til \u00e5 komme seg ut p\u00e5 tur og bli med p\u00e5 Turkarusellen.\u00a0<\/dd>\n<\/dl>\n<\/div>\n<a href=\\\"http:\/\/www.bagn.no\/wp-content\/upLoads\/11.06.19-Jubileumshelg-Fossvang-0442.jpg\\\"><img class=\\\"size-medium wp-image-6648\\\" src=\\\"http:\/\/www.bagn.no\/wp-content\/upLoads\/11.06.19-Jubileumshelg-Fossvang-0442-500x332.jpg\\\" alt=\\\"\\\" width=\\\"500\\\" height=\\\"332\\\" \/><\/a>\n<p>\u00a0<\/p>\n<a href=\\\"http:\/\/www.bagn.no\/wp-content\/upLoads\/11.06.19-Jubileumshelg-Fossvang-1081.jpg\\\"><img class=\\\"size-medium wp-image-6620\\\" src=\\\"http:\/\/www.bagn.no\/wp-content\/upLoads\/11.06.19-Jubileumshelg-Fossvang-1081-500x332.jpg\\\" alt=\\\"\\\" width=\\\"500\\\" height=\\\"332\\\" \/><\/a>\n<a href=\\\"http:\/\/www.bagn.no\/wp-content\/upLoads\/11.06.19-Jubileumshelg-Fossvang-102.jpg\\\"><img class=\\\"size-medium wp-image-6621\\\" src=\\\"http:\/\/www.bagn.no\/wp-content\/upLoads\/11.06.19-Jubileumshelg-Fossvang-102-500x332.jpg\\\" alt=\\\"\\\" width=\\\"500\\\" height=\\\"332\\\" \/><\/a>\n<a href=\\\"http:\/\/www.bagn.no\/wp-content\/upLoads\/11.06.19-Jubileumshelg-Fossvang-157.jpg\\\"><img class=\\\"size-medium wp-image-6622\\\" src=\\\"http:\/\/www.bagn.no\/wp-content\/upLoads\/11.06.19-Jubileumshelg-Fossvang-157-500x332.jpg\\\" alt=\\\"\\\" width=\\\"500\\\" height=\\\"332\\\" \/><\/a>\n<p>Etter\u00a0et hektisk\u00a0konsertprogram var Gautes stemme tydelig sliten, men det forringet p\u00e5 ingen m\u00e5te \u00a0konserten.\u00a0 Han leverte som han alltid pleier, men vi unner ham og stemmen noen dagers hvile n\u00e5 f\u00f8r neste spillejobb p\u00e5 torsdag.\u00a0 STAUT spilte flere av l\u00e5tene som kommer p\u00e5 den neste plata deres, deriblant den humoristiske <em>Reven<\/em>.\u00a0 Vi gleder oss til plateslipp!<\/p>\n<p><a href=\\\"http:\/\/www.bagn.no\/wp-content\/upLoads\/11.06.19-Jubileumshelg-Fossvang-111.jpg\\\"><img class=\\\"aligncenter size-medium wp-image-6623\\\" src=\\\"http:\/\/www.bagn.no\/wp-content\/upLoads\/11.06.19-Jubileumshelg-Fossvang-111-500x332.jpg\\\" alt=\\\"\\\" width=\\\"500\\\" height=\\\"332\\\" \/><\/a><\/p>\n","protected":false},"excerpt":{"rendered":"<p>Denne helga var satt av til feiring av Bagn ILs 100-\u00e5rsjubileum, og\u00a0for en helg det ble!\u00a0 L\u00f8rdag spilte M\u00f8Tre til dans, og oppm\u00f8tet var bra tatt i betraktning det ustabile v\u00e6ret denne kvelden.\u00a0 S\u00f8ndag var familiedag med sv\u00e6rt variert program.\u00a0 En dyktig og arbeidssom arrangementskomit\u00e8 (se bilde lenger ned) hadde\u00a0laget en super dag og\u00a0til og [&hellip;]<\/p>\n","protected":false},"author":3,"featured_media":17081,"comment_status":"open","ping_status":"closed","sticky":false,"template":"","format":"standard","meta":{"footnotes":""},"categories":[67],"tags":[],"class_list":["post-6581","post","type-post","status-publish","format-standard","has-post-thumbnail","hentry","category-bagn-il"],"_links":{"self":[{"href":"https:\/\/www.bagn.no\/index.php?rest_route=\/wp\/v2\/posts\/6581","targetHints":{"allow":["GET"]}}],"collection":[{"href":"https:\/\/www.bagn.no\/index.php?rest_route=\/wp\/v2\/posts"}],"about":[{"href":"https:\/\/www.bagn.no\/index.php?rest_route=\/wp\/v2\/types\/post"}],"author":[{"embeddable":true,"href":"https:\/\/www.bagn.no\/index.php?rest_route=\/wp\/v2\/users\/3"}],"replies":[{"embeddable":true,"href":"https:\/\/www.bagn.no\/index.php?rest_route=%2Fwp%2Fv2%2Fcomments&post=6581"}],"version-history":[{"count":0,"href":"https:\/\/www.bagn.no\/index.php?rest_route=\/wp\/v2\/posts\/6581\/revisions"}],"wp:featuredmedia":[{"embeddable":true,"href":"https:\/\/www.bagn.no\/index.php?rest_route=\/wp\/v2\/posts\/17081"}],"wp:attachment":[{"href":"https:\/\/www.bagn.no\/index.php?rest_route=%2Fwp%2Fv2%2Fmedia&parent=6581"}],"wp:term":[{"taxonomy":"category","embeddable":true,"href":"https:\/\/www.bagn.no\/index.php?rest_route=%2Fwp%2Fv2%2Fcategories&post=6581"},{"taxonomy":"post_tag","embeddable":true,"href":"https:\/\/www.bagn.no\/index.php?rest_route=%2Fwp%2Fv2%2Ftags&post=6581"}],"curies":[{"name":"wp","href":"https:\/\/api.w.org\/{rel}","templated":true}]}}