{"id":3304,"date":"2010-03-28T01:15:29","date_gmt":"2010-03-28T00:15:29","guid":{"rendered":"http:\/\/www.bagn.no\/?p=3304"},"modified":"2013-11-24T21:55:04","modified_gmt":"2013-11-24T20:55:04","slug":"skisportens-dag-pa-ellings%c3%a6ter","status":"publish","type":"post","link":"https:\/\/www.bagn.no\/?p=3304","title":{"rendered":"Skisportens dag p\u00e5 Ellings\u00e6ter"},"content":{"rendered":"<p><a rel=\"attachment wp-att-3305\" href=\"http:\/\/www.bagn.no\/?attachment_id=3305\"><img loading=\"lazy\" decoding=\"async\" class=\"alignleft size-medium wp-image-3305\" src=\"http:\/\/bagn.no\/wp-content\/uploads\/2010\/03\/mathias-500x374.jpg\" alt=\"\" width=\"338\" height=\"219\" \/><\/a>Bortimot 150\u00a0 med stort og sm\u00e5tt hadde tatt turen til Ellings\u00e6ter forrige helg for \u00e5 v\u00e6re med p\u00e5 \u00e5 markere Skisportens dag og ikke minst f\u00e5 med seg premieutdelingen for klubbsesongen.\u00a0\u00a0Litt ruskev\u00e6r med nedb\u00f8r p\u00e5 starten av dagen gikk over i opphold og nesten klarv\u00e6r, og det ble en riktig fin dag for alle fremm\u00f8tte.\u00a0\u00a0Skigruppa hadde\u00a0lagt til rette for diverse skiaktiviteter i bakken.\u00a0 Mens de unge og aktive gledet seg over kulel\u00f8ype, slalom \u00a0og hopp, fant de mindre aktive fram reinskinn, underlag, niste og termos og\u00a0gjorde klart\u00a0for en kosedag ute.\u00a0\u00a0<\/p>\n<p>Bilde:\u00a0 <em>Mathias var h\u00f8yt og lavt p\u00e5 s\u00f8ndag,\u00a0og alltid like blid.<\/em>\u00a0 <!--more--><\/p>\n<p><a rel=\"attachment wp-att-3312\" href=\"http:\/\/www.bagn.no\/?attachment_id=3312\"><img loading=\"lazy\" decoding=\"async\" class=\"alignright size-medium wp-image-3312\" src=\"http:\/\/bagn.no\/wp-content\/uploads\/2010\/03\/vegard-hopper-500x374.jpg\" alt=\"\" width=\"375\" height=\"241\" \/><\/a><a rel=\"attachment wp-att-3311\" href=\"http:\/\/www.bagn.no\/?attachment_id=3311\"><img loading=\"lazy\" decoding=\"async\" class=\"aligncenter size-medium wp-image-3311\" src=\"http:\/\/bagn.no\/wp-content\/uploads\/2010\/03\/bjornar-hopper-500x374.jpg\" alt=\"\" width=\"375\" height=\"251\" \/><\/a><\/p>\n<p style=\"text-align: center\"><em>Vegard og Bj\u00f8rnar var ivrige i hoppbakken<\/em><\/p>\n<p style=\"text-align: left\"><a rel=\"attachment wp-att-3313\" href=\"http:\/\/www.bagn.no\/?attachment_id=3313\"><img loading=\"lazy\" decoding=\"async\" class=\"alignleft size-medium wp-image-3313\" src=\"http:\/\/bagn.no\/wp-content\/uploads\/2010\/03\/marine-i-kulel\u00f8ypa-500x374.jpg\" alt=\"\" width=\"364\" height=\"254\" \/><\/a><\/p>\n<p><a rel=\"attachment wp-att-3315\" href=\"http:\/\/www.bagn.no\/?attachment_id=3315\"><img loading=\"lazy\" decoding=\"async\" class=\"alignright size-medium wp-image-3315\" src=\"http:\/\/bagn.no\/wp-content\/uploads\/2010\/03\/erik-og-ola1-500x374.jpg\" alt=\"\" width=\"337\" height=\"240\" \/><\/a><em>Marine og Erik var stadig i aktivitet.<\/em><\/p>\n<p style=\"text-align: center\"><a rel=\"attachment wp-att-3318\" href=\"http:\/\/www.bagn.no\/?attachment_id=3318\"><img loading=\"lazy\" decoding=\"async\" class=\"alignleft size-medium wp-image-3318\" src=\"http:\/\/bagn.no\/wp-content\/uploads\/2010\/03\/eskil-hopper-500x374.jpg\" alt=\"\" width=\"500\" height=\"374\" \/><\/a><em>Eskil gir alt i hoppbakken<\/em> <a rel=\"attachment wp-att-3319\" href=\"http:\/\/www.bagn.no\/?attachment_id=3319\"><\/a><a rel=\"attachment wp-att-3320\" href=\"http:\/\/www.bagn.no\/?attachment_id=3320\"><img loading=\"lazy\" decoding=\"async\" class=\"size-medium wp-image-3320  aligncenter\" src=\"http:\/\/bagn.no\/wp-content\/uploads\/2010\/03\/10-03-21-skisportens-dag-og-premieutdeling-078-500x375.jpg\" alt=\"\" width=\"500\" height=\"375\" \/><\/a><em>Bj\u00f8rnar mestrer ogs\u00e5 slalom<\/em><\/p>\n<p style=\"text-align: center\"><a rel=\"attachment wp-att-3342\" href=\"http:\/\/www.bagn.no\/?attachment_id=3342\"><img loading=\"lazy\" decoding=\"async\" class=\"aligncenter size-medium wp-image-3342\" src=\"http:\/\/bagn.no\/wp-content\/uploads\/2010\/03\/Mathilde-f\u00e5r-saft-500x374.jpg\" alt=\"\" width=\"500\" height=\"374\" \/><\/a><img loading=\"lazy\" decoding=\"async\" class=\"aligncenter size-medium wp-image-3319\" src=\"http:\/\/bagn.no\/wp-content\/uploads\/2010\/03\/hele-bakken-500x374.jpg\" alt=\"\" width=\"500\" height=\"374\" \/><\/p>\n<p style=\"text-align: center\"><a rel=\"attachment wp-att-3321\" href=\"http:\/\/www.bagn.no\/?attachment_id=3321\"><img loading=\"lazy\" decoding=\"async\" class=\"aligncenter size-medium wp-image-3321\" src=\"http:\/\/bagn.no\/wp-content\/uploads\/2010\/03\/gladgjeng-i-dress-500x374.jpg\" alt=\"\" width=\"500\" height=\"374\" \/><\/a><em>\u00a0V<\/em><em>i har det str\u00e5lende ute, men n\u00e5 skal vi inn for \u00e5 premie!!<\/em><\/p>\n<p>Da utebehovet var dekket for de fleste, flyttet man inn, der et bugnende premiebord ventet.\u00a0 Klubbcupen har v\u00e6rt felles for Bagn, Begna og Begnadalen i \u00e5r, f\u00f8lgelig var det sv\u00e6rt folksomt hos Jan og Sigrid denne ettermiddagen.\u00a0\u00a0Oddvin og\u00a0 Knut Hougsrud foresto premieutdelingen, og Oddvin fikk god bruk for stemmevolumet.\u00a0 Han startet premieutdelingen med \u00e5 hedre Even S\u00e6teren Hippe med en glitrende sesong, bl.a. for 4.plass i hovedlandsrennet nylig.\u00a0 Han fikk et lite treningsstipend fra Bagn IL p\u00e5 1 500,- for sv\u00e6rt gode resultater.\u00a0 Even var dessverre ikke til stede (opptatt med annet skirenn), men fikk gaven i ettertid.\u00a0<\/p>\n<p style=\"text-align: center\"><a rel=\"attachment wp-att-3345\" href=\"http:\/\/www.bagn.no\/?attachment_id=3345\"><img loading=\"lazy\" decoding=\"async\" class=\"size-medium wp-image-3345  aligncenter\" src=\"http:\/\/bagn.no\/wp-content\/uploads\/2010\/03\/Even-f\u00e5r-treningsstipend-500x374.jpg\" alt=\"\" width=\"500\" height=\"374\" \/><\/a><\/p>\n<p>P\u00e5 de f\u00f8lgende bildene vises et lite utvalg av de som\u00a0har deltatt i cupen i \u00e5r.<\/p>\n<p><em>Jenter f\u00f8dt 2006<\/em>: <a rel=\"attachment wp-att-3324\" href=\"http:\/\/www.bagn.no\/?attachment_id=3324\"><img loading=\"lazy\" decoding=\"async\" class=\"alignleft size-medium wp-image-3324\" src=\"http:\/\/bagn.no\/wp-content\/uploads\/2010\/03\/hedda-og-aurora-500x374.jpg\" alt=\"\" width=\"500\" height=\"374\" \/><\/a><em>Aurora og Hedda<\/em>\u00a0<\/p>\n<p><a rel=\"attachment wp-att-3325\" href=\"http:\/\/www.bagn.no\/?attachment_id=3325\"><img loading=\"lazy\" decoding=\"async\" class=\"alignright size-medium wp-image-3325\" src=\"http:\/\/bagn.no\/wp-content\/uploads\/2010\/03\/jenter-f\u00f8dt-2003-500x375.jpg\" alt=\"\" width=\"462\" height=\"332\" \/><\/a>Jenter f\u00f8dt 2003:\u00a0 <em>Oda, Maia, Tuva, Sofie og Mia.<\/em><\/p>\n<p><a rel=\"attachment wp-att-3327\" href=\"http:\/\/www.bagn.no\/?attachment_id=3327\"><img loading=\"lazy\" decoding=\"async\" class=\"alignleft size-medium wp-image-3327\" src=\"http:\/\/bagn.no\/wp-content\/uploads\/2010\/03\/jenter-f\u00f8dt-2004-500x374.jpg\" alt=\"\" width=\"500\" height=\"374\" \/><\/a><em>Jenter f\u00f8dt 2004: Andrea, Karine, Ronja, Anine, Marine, Emma, Aurora og Sara (og Mathias).<\/em><\/p>\n<p><a rel=\"attachment wp-att-3328\" href=\"http:\/\/www.bagn.no\/?attachment_id=3328\"><img loading=\"lazy\" decoding=\"async\" class=\"aligncenter size-medium wp-image-3328\" src=\"http:\/\/bagn.no\/wp-content\/uploads\/2010\/03\/gutter-2001-500x375.jpg\" alt=\"\" width=\"500\" height=\"375\" \/><\/a><em>Gutter f\u00f8dt 2001:\u00a0 Joakim, Eskil, Jonas, Aleksander og Erik.<\/em><\/p>\n<p><a rel=\"attachment wp-att-3329\" href=\"http:\/\/www.bagn.no\/?attachment_id=3329\"><img loading=\"lazy\" decoding=\"async\" class=\"aligncenter size-medium wp-image-3329\" src=\"http:\/\/bagn.no\/wp-content\/uploads\/2010\/03\/sondre-og-david-og-500x374.jpg\" alt=\"\" width=\"500\" height=\"374\" \/><\/a><em>Gutter f\u00f8dt 1999:\u00a0 Sondre, David og Fredrik<\/em><\/p>\n<p><a rel=\"attachment wp-att-3346\" href=\"http:\/\/www.bagn.no\/?attachment_id=3346\"><img loading=\"lazy\" decoding=\"async\" class=\"alignleft size-medium wp-image-3346\" src=\"http:\/\/bagn.no\/wp-content\/uploads\/2010\/03\/anna-og-mathilde-500x374.jpg\" alt=\"\" width=\"500\" height=\"374\" \/><\/a><em>Jenter f\u00f8dt 2005:\u00a0 Mathilde og Anna<\/em><\/p>\n<p><a rel=\"attachment wp-att-3330\" href=\"http:\/\/www.bagn.no\/?attachment_id=3330\"><img loading=\"lazy\" decoding=\"async\" class=\"aligncenter size-medium wp-image-3330\" src=\"http:\/\/bagn.no\/wp-content\/uploads\/2010\/03\/liv-og-97-500x374.jpg\" alt=\"\" width=\"500\" height=\"374\" \/><\/a><em>Jenter f\u00f8dt 1997:\u00a0 Liv og Tora<\/em><\/p>\n","protected":false},"excerpt":{"rendered":"<p>Bortimot 150\u00a0 med stort og sm\u00e5tt hadde tatt turen til Ellings\u00e6ter forrige helg for \u00e5 v\u00e6re med p\u00e5 \u00e5 markere Skisportens dag og ikke minst f\u00e5 med seg premieutdelingen for klubbsesongen.\u00a0\u00a0Litt ruskev\u00e6r med nedb\u00f8r p\u00e5 starten av dagen gikk over i opphold og nesten klarv\u00e6r, og det ble en riktig fin dag for alle fremm\u00f8tte.\u00a0\u00a0Skigruppa [&hellip;]<\/p>\n","protected":false},"author":3,"featured_media":16563,"comment_status":"open","ping_status":"closed","sticky":false,"template":"","format":"standard","meta":{"footnotes":""},"categories":[69],"tags":[],"class_list":["post-3304","post","type-post","status-publish","format-standard","has-post-thumbnail","hentry","category-bagnbegnabegnadalen"],"_links":{"self":[{"href":"https:\/\/www.bagn.no\/index.php?rest_route=\/wp\/v2\/posts\/3304","targetHints":{"allow":["GET"]}}],"collection":[{"href":"https:\/\/www.bagn.no\/index.php?rest_route=\/wp\/v2\/posts"}],"about":[{"href":"https:\/\/www.bagn.no\/index.php?rest_route=\/wp\/v2\/types\/post"}],"author":[{"embeddable":true,"href":"https:\/\/www.bagn.no\/index.php?rest_route=\/wp\/v2\/users\/3"}],"replies":[{"embeddable":true,"href":"https:\/\/www.bagn.no\/index.php?rest_route=%2Fwp%2Fv2%2Fcomments&post=3304"}],"version-history":[{"count":0,"href":"https:\/\/www.bagn.no\/index.php?rest_route=\/wp\/v2\/posts\/3304\/revisions"}],"wp:featuredmedia":[{"embeddable":true,"href":"https:\/\/www.bagn.no\/index.php?rest_route=\/wp\/v2\/media\/16563"}],"wp:attachment":[{"href":"https:\/\/www.bagn.no\/index.php?rest_route=%2Fwp%2Fv2%2Fmedia&parent=3304"}],"wp:term":[{"taxonomy":"category","embeddable":true,"href":"https:\/\/www.bagn.no\/index.php?rest_route=%2Fwp%2Fv2%2Fcategories&post=3304"},{"taxonomy":"post_tag","embeddable":true,"href":"https:\/\/www.bagn.no\/index.php?rest_route=%2Fwp%2Fv2%2Ftags&post=3304"}],"curies":[{"name":"wp","href":"https:\/\/api.w.org\/{rel}","templated":true}]}}