{"id":2922,"date":"2010-02-27T20:04:48","date_gmt":"2010-02-27T19:04:48","guid":{"rendered":"http:\/\/www.bagn.no\/?p=2922"},"modified":"2010-02-27T20:04:48","modified_gmt":"2010-02-27T19:04:48","slug":"even-nr-4-i-hovedlandsrennet","status":"publish","type":"post","link":"https:\/\/www.bagn.no\/?p=2922","title":{"rendered":"Even nr 4 i Hovedlandsrennet!"},"content":{"rendered":"<p><a rel=\"attachment wp-att-2923\" href=\"http:\/\/www.bagn.no\/?attachment_id=2923\"><img loading=\"lazy\" decoding=\"async\" class=\"alignleft size-thumbnail wp-image-2923\" src=\"http:\/\/www.bagn.no\/wp-content\/upLoads\/Hovedlandsr-Even-42-red-150x100.jpg\" alt=\"\" width=\"150\" height=\"100\" \/><\/a>Even S\u00e6teren Hippe slo virkelig til p\u00e5 fredag og kom inn p\u00e5 en sv\u00e6rt sterk 4.plass (av 223 deltakere) i Hovedlandsrennet p\u00e5 Nes i Akershus ig\u00e5r.\u00a0 Endre Aamodt gjorde det ogs\u00e5 sv\u00e6rt\u00a0bra og kom inn som nr. 45.\u00a0 Even forteller at han ledet gjennom store deler av l\u00f8pet, men hadde en litt tyngre fase mot slutten av 5 kilometeren.\u00a0 Det var trolig her han ble tatt igjen.\u00a0 De siste 2,5 kilometrene gikk bedre og han gikk alts\u00e5 inn til 4.beste tid.\u00a0 Endre stivnet litt p\u00e5 de siste 2,5 kilometrene, forteller han.\u00a0 <!--more--><\/p>\n<p><a rel=\"attachment wp-att-2943\" href=\"http:\/\/www.bagn.no\/?attachment_id=2943\"><img loading=\"lazy\" decoding=\"async\" class=\"aligncenter size-medium wp-image-2943\" src=\"http:\/\/www.bagn.no\/wp-content\/upLoads\/Hovedlandsr-Endre-54-red-500x333.jpg\" alt=\"\" width=\"500\" height=\"333\" \/><\/a>I dag var det sprint som sto p\u00e5 programmet.\u00a0 Det gikk fint i prologen for Even. I \u00a0&laquo;kvarten&raquo;\u00a0 falt han uheldigvis tidlig i l\u00f8pet, men endte likevel p\u00e5 en sterk\u00a029.plass.\u00a0 Endre endte til slutt som nr. 126 av 239 l\u00f8pere.\u00a0 Det var sv\u00e6rt tett mellom l\u00f8perne\u00a0p\u00e5 resultatlista og\u00a0bare 15 sekunder skilte 100 plasser. Vi gratulerer begge to!\u00a0<\/p>\n<p>Mange opplendinger\u00a0har gjort det sterkt disse dagene, og vi gleder oss til stafetten i morgen.\u00a0 Endre g\u00e5r p\u00e5 Oppland 3, mens Even g\u00e5r p\u00e5 1.laget til Oppland.\u00a0 Han skal g\u00e5 en sk\u00f8yteetappe.\u00a0 &laquo;Det er hipp som happ om jeg g\u00e5r sk\u00f8yting eller klassisk.\u00a0\u00a0Jeg f\u00f8ler meg omtrent like god i begge grener&raquo;, forteller Even p\u00e5 telefon, f\u00f8r han g\u00e5r tilbake til TVen for \u00e5 heie p\u00e5 Marit &amp;Co.\u00a0\u00a0<\/p>\n<p>Stafetten g\u00e5r\u00a0\u00a0kl. 11.30 p\u00e5 s\u00f8ndag.\u00a0 Vi krysser fingrene og \u00f8nsker LYKKE TIL!<\/p>\n<p>Vil du se fullstendige resultatlister, finner du dem her: <a href=\"http:\/\/www.hlr2010.no\/\">http:\/\/www.hlr2010.no\/<\/a><\/p>\n<p><a rel=\"attachment wp-att-2944\" href=\"http:\/\/www.bagn.no\/?attachment_id=2944\"><img loading=\"lazy\" decoding=\"async\" class=\"aligncenter size-medium wp-image-2944\" src=\"http:\/\/www.bagn.no\/wp-content\/upLoads\/Hovedlandsr-Even-42-red1-500x333.jpg\" alt=\"\" width=\"500\" height=\"333\" \/><\/a><\/p>\n<p>Foto:\u00a0 Bj\u00f8rn Erik Hippe<\/p>\n","protected":false},"excerpt":{"rendered":"<p>Even S\u00e6teren Hippe slo virkelig til p\u00e5 fredag og kom inn p\u00e5 en sv\u00e6rt sterk 4.plass (av 223 deltakere) i Hovedlandsrennet p\u00e5 Nes i Akershus ig\u00e5r.\u00a0 Endre Aamodt gjorde det ogs\u00e5 sv\u00e6rt\u00a0bra og kom inn som nr. 45.\u00a0 Even forteller at han ledet gjennom store deler av l\u00f8pet, men hadde en litt tyngre fase mot [&hellip;]<\/p>\n","protected":false},"author":3,"featured_media":16452,"comment_status":"open","ping_status":"closed","sticky":false,"template":"","format":"standard","meta":{"footnotes":""},"categories":[67],"tags":[],"class_list":["post-2922","post","type-post","status-publish","format-standard","has-post-thumbnail","hentry","category-bagn-il"],"_links":{"self":[{"href":"https:\/\/www.bagn.no\/index.php?rest_route=\/wp\/v2\/posts\/2922","targetHints":{"allow":["GET"]}}],"collection":[{"href":"https:\/\/www.bagn.no\/index.php?rest_route=\/wp\/v2\/posts"}],"about":[{"href":"https:\/\/www.bagn.no\/index.php?rest_route=\/wp\/v2\/types\/post"}],"author":[{"embeddable":true,"href":"https:\/\/www.bagn.no\/index.php?rest_route=\/wp\/v2\/users\/3"}],"replies":[{"embeddable":true,"href":"https:\/\/www.bagn.no\/index.php?rest_route=%2Fwp%2Fv2%2Fcomments&post=2922"}],"version-history":[{"count":0,"href":"https:\/\/www.bagn.no\/index.php?rest_route=\/wp\/v2\/posts\/2922\/revisions"}],"wp:featuredmedia":[{"embeddable":true,"href":"https:\/\/www.bagn.no\/index.php?rest_route=\/wp\/v2\/media\/16452"}],"wp:attachment":[{"href":"https:\/\/www.bagn.no\/index.php?rest_route=%2Fwp%2Fv2%2Fmedia&parent=2922"}],"wp:term":[{"taxonomy":"category","embeddable":true,"href":"https:\/\/www.bagn.no\/index.php?rest_route=%2Fwp%2Fv2%2Fcategories&post=2922"},{"taxonomy":"post_tag","embeddable":true,"href":"https:\/\/www.bagn.no\/index.php?rest_route=%2Fwp%2Fv2%2Ftags&post=2922"}],"curies":[{"name":"wp","href":"https:\/\/api.w.org\/{rel}","templated":true}]}}