{"id":2884,"date":"2010-02-25T22:47:55","date_gmt":"2010-02-25T21:47:55","guid":{"rendered":"http:\/\/www.bagn.no\/?p=2884"},"modified":"2010-02-25T22:47:55","modified_gmt":"2010-02-25T21:47:55","slug":"klubbrenn-bagn-og-begna-tirsdag-23-feb-pa-leirskogen","status":"publish","type":"post","link":"https:\/\/www.bagn.no\/?p=2884","title":{"rendered":"Resultater fellesrenn 23.02 p\u00e5 Leirskogen"},"content":{"rendered":"<p><a rel=\"attachment wp-att-2886\" href=\"http:\/\/www.bagn.no\/?attachment_id=2886\"><img loading=\"lazy\" decoding=\"async\" class=\"alignleft size-thumbnail wp-image-2886\" src=\"http:\/\/www.bagn.no\/wp-content\/upLoads\/Klare-p\u00e5-startstreken-150x100.jpg\" alt=\"\" width=\"150\" height=\"100\" \/><\/a>I dag deltok det 72 skiglade unger. Kvelden ble avsluttet med premiering for telenorkarusellrenn, noe som falt i smak.<\/p>\n<p><strong>Kort l\u00f8ype\u00a0 &#8211;\u00a0 uten tid:<\/strong><\/p>\n<p>Gutter f\u00f8dt 2008:\u00a0\u00a0\u00a0\u00a0\u00a0\u00a0\u00a0\u00a0 Niklas B Nybr\u00e5ten<a rel=\"attachment wp-att-2888\" href=\"http:\/\/www.bagn.no\/?attachment_id=2888\"><img loading=\"lazy\" decoding=\"async\" class=\"alignright size-thumbnail wp-image-2888\" src=\"http:\/\/www.bagn.no\/wp-content\/upLoads\/Marius-og-Niklas1-150x100.jpg\" alt=\"\" width=\"150\" height=\"100\" \/><\/a><\/p>\n<p>Gutter f\u00f8dt 2007:\u00a0\u00a0Mikkel L Johansen,\u00a0 Marius S\u00f8rb\u00f8en, Askil Nybr\u00e5ten<\/p>\n<p>Gutter f\u00f8dt 2006:\u00a0\u00a0\u00a0\u00a0\u00a0\u00a0\u00a0\u00a0 Ole Magnus Langedrag, Einar Solbrekken, Erik Thorsrud, Mikkel Nybr\u00e5ten, Birk \u00d8stg\u00e5rd<!--more--><\/p>\n<p>Jenter f\u00f8dt 2006:\u00a0\u00a0\u00a0\u00a0\u00a0\u00a0\u00a0\u00a0\u00a0 Aurora G Stens\u00e6ter<\/p>\n<p>Jenter f\u00f8dt 2005:\u00a0\u00a0\u00a0\u00a0\u00a0\u00a0\u00a0\u00a0\u00a0 Mathilde Stens\u00e6ter, Anna L Johansen<\/p>\n<p>Gutter f\u00f8dt 2004:\u00a0\u00a0\u00a0\u00a0\u00a0\u00a0\u00a0\u00a0 Thomas S\u00f8rb\u00f8en<\/p>\n<p>Jenter f\u00f8dt 2004:\u00a0\u00a0\u00a0\u00a0\u00a0\u00a0\u00a0\u00a0\u00a0 Helene B\u00f8hn, Anine Holde, Hanna Kleven, Karine Langedrag, Ronja Nybr\u00e5ten, Emma Nybr\u00e5ten, Andrea Solbrekken, Marine Thorsrud, Sara Bergli, Anne Gyldenskog, Linnea Nyhagen, Inger Ylva, Aurora Navrud<\/p>\n<p><a rel=\"attachment wp-att-2889\" href=\"http:\/\/www.bagn.no\/?attachment_id=2889\"><img loading=\"lazy\" decoding=\"async\" class=\"aligncenter size-medium wp-image-2889\" src=\"http:\/\/www.bagn.no\/wp-content\/upLoads\/Tom-Vegar-og-Amalie-500x374.jpg\" alt=\"\" width=\"500\" height=\"374\" \/><\/a><\/p>\n<p>Gutter f\u00f8dt 2003:\u00a0\u00a0\u00a0\u00a0\u00a0\u00a0\u00a0\u00a0 Hans Erik Dokken, Eskil Fremg\u00e5rd, Eirik Haugrud, Vetle L Johansen Sander Kl\u00f8vstad, Anders Gjerde Stens\u00e6ter, Jostein Dokken<\/p>\n<p>Jenter f\u00f8dt 2003:\u00a0\u00a0\u00a0\u00a0\u00a0\u00a0\u00a0\u00a0\u00a0 Tuva Dahlen, Oda Fremg\u00e5rd, Sofie Juvkam Johnsen, Mia Nybr\u00e5ten, Alexandra Bj\u00f8rnstad<\/p>\n<p>Gutter f\u00f8dt 2002:\u00a0\u00a0\u00a0\u00a0\u00a0\u00a0\u00a0\u00a0 Simen B\u00f8hn, Mathias Kleven, Simon Stens\u00e6ter, Trond Juvkam<\/p>\n<p>Jenter f\u00f8dt 2002:\u00a0\u00a0\u00a0\u00a0\u00a0\u00a0\u00a0\u00a0\u00a0 Synne S\u00f8rb\u00f8en<\/p>\n<h2>Med tid 1,8 km<\/h2>\n<p>Gutter f\u00f8dt 2001:\u00a0\u00a0\u00a0\u00a0\u00a0\u00a0\u00a0\u00a0 Joakim Dokken 15.40, Erik B\u00f8hn 10.32, Jonas Nybr\u00e5ten 10.45 Aleksander Navrud, 14.15<\/p>\n<p>Jenter f\u00f8dt 2001:\u00a0\u00a0\u00a0\u00a0\u00a0\u00a0\u00a0\u00a0\u00a0 Live Kluft\u00f8deg\u00e5rd 14.30, Sigrid Kolsrud 22.02, Tirill \u00d8stg\u00e5rd 13.20 Kamille Nyhagen 18.15<\/p>\n<p><a rel=\"attachment wp-att-2890\" href=\"http:\/\/www.bagn.no\/?attachment_id=2890\"><img loading=\"lazy\" decoding=\"async\" class=\"aligncenter size-medium wp-image-2890\" src=\"http:\/\/www.bagn.no\/wp-content\/upLoads\/Sondre-og-Erik-500x374.jpg\" alt=\"\" width=\"500\" height=\"374\" \/><\/a>Gutter f\u00f8dt 2000:\u00a0\u00a0\u00a0\u00a0\u00a0\u00a0\u00a0\u00a0 Eskil Stens\u00e6ter 10.35, Ole Chr Rustebakke 12.24 Espen Stens\u00e6ter 12.45<\/p>\n<p>Gutter f\u00f8dt 1999:\u00a0\u00a0\u00a0\u00a0\u00a0\u00a0\u00a0\u00a0 1. David Skaran\u00a0\u00a0\u00a0\u00a0\u00a0\u00a0\u00a0\u00a0\u00a0\u00a0\u00a0\u00a0\u00a0\u00a0\u00a0\u00a0\u00a0\u00a0\u00a0\u00a0\u00a0 10.10<\/p>\n<p>\u00a0\u00a0\u00a0\u00a0\u00a0\u00a0\u00a0\u00a0\u00a0\u00a0\u00a0\u00a0\u00a0\u00a0\u00a0\u00a0\u00a0\u00a0\u00a0\u00a0\u00a0\u00a0\u00a0\u00a0\u00a0\u00a0\u00a0\u00a0\u00a0\u00a0\u00a0\u00a0\u00a0\u00a0 2. Sondre B. Evensen\u00a0\u00a0\u00a0\u00a0\u00a0\u00a0\u00a0\u00a0\u00a0\u00a0\u00a0\u00a0\u00a0 10.35<\/p>\n<p>3. Fredrik Nybr\u00e5ten\u00a0\u00a0\u00a0\u00a0\u00a0\u00a0\u00a0\u00a0\u00a0\u00a0\u00a0\u00a0\u00a0\u00a0\u00a0 15.00\u00a0\u00a0<\/p>\n<p>Jenter f\u00f8dt 1999:\u00a0\u00a0\u00a0\u00a0\u00a0\u00a0\u00a0\u00a0\u00a0 1. Eirill Aamodt\u00a0\u00a0\u00a0\u00a0\u00a0\u00a0\u00a0\u00a0\u00a0\u00a0\u00a0\u00a0\u00a0\u00a0\u00a0\u00a0\u00a0\u00a0\u00a0\u00a0\u00a0\u00a0 11.24<\/p>\n<p>\u00a0\u00a0\u00a0\u00a0\u00a0\u00a0\u00a0\u00a0\u00a0\u00a0\u00a0\u00a0\u00a0\u00a0\u00a0\u00a0\u00a0\u00a0\u00a0\u00a0\u00a0\u00a0\u00a0\u00a0\u00a0\u00a0\u00a0\u00a0\u00a0\u00a0\u00a0\u00a0\u00a0\u00a0 2. Ann Kjersti Dokken 12.25<\/p>\n<p>3. Cecilie Stens\u00e6ter\u00a0\u00a0\u00a0\u00a0\u00a0\u00a0\u00a0\u00a0\u00a0\u00a0\u00a0\u00a0\u00a0\u00a0\u00a0\u00a0 12.35<\/p>\n<p>4. V\u00e5rin Kl\u00f8vstad\u00a0\u00a0\u00a0\u00a0\u00a0\u00a0\u00a0\u00a0\u00a0\u00a0\u00a0\u00a0\u00a0\u00a0\u00a0\u00a0\u00a0\u00a0\u00a0 13.00\u00a0\u00a0\u00a0\u00a0\u00a0\u00a0\u00a0\u00a0\u00a0\u00a0\u00a0\u00a0\u00a0\u00a0<\/p>\n<p>5. Anniken Th Lid\u00a0\u00a0\u00a0\u00a0\u00a0\u00a0\u00a0 \u00a0\u00a0\u00a0\u00a0\u00a0\u00a0\u00a0\u00a0\u00a0\u00a0\u00a0 13.05<\/p>\n<p>Gutter f\u00f8dt 1998:\u00a0\u00a0\u00a0\u00a0\u00a0\u00a0\u00a0\u00a0 1. Bj\u00f8rnar S\u00f8rumshaugen\u00a0\u00a0\u00a0\u00a0\u00a0\u00a0\u00a0\u00a0 10.45<\/p>\n<p>Jenter f\u00f8dt 1998:\u00a0\u00a0\u00a0\u00a0\u00a0\u00a0\u00a0\u00a0\u00a0 1. Ingrid Rustebakke\u00a0\u00a0\u00a0\u00a0\u00a0\u00a0\u00a0\u00a0\u00a0\u00a0\u00a0\u00a0\u00a0\u00a0 \u00a0 9.22<\/p>\n<p>2. Vilde Stens\u00e6ter\u00a0\u00a0\u00a0\u00a0\u00a0\u00a0\u00a0\u00a0\u00a0\u00a0\u00a0\u00a0\u00a0\u00a0\u00a0\u00a0\u00a0\u00a0 10.55<\/p>\n<p>\u00a0\u00a0\u00a0\u00a0\u00a0\u00a0\u00a0\u00a0\u00a0\u00a0\u00a0\u00a0\u00a0\u00a0\u00a0\u00a0\u00a0\u00a0\u00a0\u00a0\u00a0\u00a0\u00a0\u00a0\u00a0\u00a0\u00a0\u00a0\u00a0\u00a0\u00a0\u00a0\u00a0\u00a0 3. Karoline Dahlen\u00a0\u00a0\u00a0\u00a0\u00a0\u00a0\u00a0\u00a0\u00a0\u00a0\u00a0\u00a0\u00a0\u00a0\u00a0\u00a0\u00a0\u00a0 11.45<\/p>\n<p><a rel=\"attachment wp-att-2891\" href=\"http:\/\/www.bagn.no\/?attachment_id=2891\"><img loading=\"lazy\" decoding=\"async\" class=\"aligncenter size-medium wp-image-2891\" src=\"http:\/\/www.bagn.no\/wp-content\/upLoads\/Karoline-500x374.jpg\" alt=\"\" width=\"500\" height=\"374\" \/><\/a>Gutter f\u00f8dt 1997:\u00a0\u00a0\u00a0\u00a0\u00a0\u00a0\u00a0\u00a0 1. Svein Stavdahl\u00a0\u00a0\u00a0\u00a0\u00a0\u00a0\u00a0\u00a0\u00a0\u00a0\u00a0\u00a0\u00a0\u00a0\u00a0\u00a0\u00a0\u00a0\u00a0\u00a0 \u00a0 8.45\u00a0<\/p>\n<p>\u00a0\u00a0\u00a0\u00a0\u00a0\u00a0\u00a0\u00a0\u00a0\u00a0\u00a0\u00a0\u00a0\u00a0\u00a0\u00a0\u00a0\u00a0\u00a0\u00a0\u00a0\u00a0\u00a0\u00a0\u00a0\u00a0\u00a0\u00a0\u00a0\u00a0\u00a0\u00a0\u00a0\u00a0 2. Vegard Kluft\u00f8deg\u00e5rd\u00a0\u00a0\u00a0\u00a0\u00a0\u00a0\u00a0\u00a0\u00a0\u00a0 10.35<\/p>\n<p>\u00a0\u00a0\u00a0\u00a0\u00a0\u00a0\u00a0\u00a0\u00a0\u00a0\u00a0\u00a0\u00a0\u00a0\u00a0\u00a0\u00a0\u00a0\u00a0\u00a0\u00a0\u00a0\u00a0\u00a0\u00a0\u00a0\u00a0\u00a0\u00a0\u00a0\u00a0\u00a0\u00a0\u00a0 3. Oskar Stavdahl\u00a0\u00a0\u00a0\u00a0\u00a0\u00a0\u00a0\u00a0\u00a0\u00a0\u00a0\u00a0\u00a0\u00a0\u00a0\u00a0\u00a0\u00a0\u00a0 11.33<\/p>\n<p>Jenter f\u00f8dt 1997\u00a0\u00a0\u00a0\u00a0\u00a0\u00a0\u00a0\u00a0\u00a0 1. Liv Juvkam\u00a0\u00a0\u00a0\u00a0\u00a0\u00a0\u00a0\u00a0\u00a0\u00a0\u00a0\u00a0\u00a0\u00a0\u00a0\u00a0\u00a0\u00a0\u00a0\u00a0\u00a0\u00a0\u00a0\u00a0\u00a0 16.00<\/p>\n<p>Jenter f\u00f8dt 1996:\u00a0\u00a0\u00a0\u00a0\u00a0\u00a0\u00a0\u00a0\u00a0 1. \u00d8yfrid S\u00f8rumshaugen\u00a0\u00a0\u00a0\u00a0\u00a0\u00a0\u00a0\u00a0\u00a0 \u00a0 8.05<\/p>\n<p>Gutter f\u00f8dt 1995:\u00a0\u00a0\u00a0\u00a0\u00a0\u00a0\u00a0\u00a0 1. Oddbj\u00f8rn Kolsrud\u00a0\u00a0\u00a0\u00a0\u00a0\u00a0\u00a0\u00a0\u00a0\u00a0\u00a0\u00a0\u00a0\u00a0 12.30<\/p>\n<p><a rel=\"attachment wp-att-2892\" href=\"http:\/\/www.bagn.no\/?attachment_id=2892\"><img loading=\"lazy\" decoding=\"async\" class=\"alignleft size-thumbnail wp-image-2892\" src=\"http:\/\/www.bagn.no\/wp-content\/upLoads\/Premiejenter-150x100.jpg\" alt=\"\" width=\"150\" height=\"100\" \/><\/a><a rel=\"attachment wp-att-2894\" href=\"http:\/\/www.bagn.no\/?attachment_id=2894\"><img loading=\"lazy\" decoding=\"async\" class=\"alignright size-thumbnail wp-image-2894\" src=\"http:\/\/www.bagn.no\/wp-content\/upLoads\/Premievinnere-150x100.jpg\" alt=\"\" width=\"150\" height=\"100\" \/><\/a><a rel=\"attachment wp-att-2893\" href=\"http:\/\/www.bagn.no\/?attachment_id=2893\"><img loading=\"lazy\" decoding=\"async\" class=\"aligncenter size-thumbnail wp-image-2893\" src=\"http:\/\/www.bagn.no\/wp-content\/upLoads\/Forn\u00f8yde-premievinnere-150x100.jpg\" alt=\"\" width=\"150\" height=\"100\" \/><\/a><\/p>\n<p><a rel=\"attachment wp-att-2895\" href=\"http:\/\/www.bagn.no\/?attachment_id=2895\"><img loading=\"lazy\" decoding=\"async\" class=\"alignleft size-thumbnail wp-image-2895\" src=\"http:\/\/www.bagn.no\/wp-content\/upLoads\/Premievinnere-2-150x100.jpg\" alt=\"\" width=\"150\" height=\"100\" \/><\/a><a rel=\"attachment wp-att-2900\" href=\"http:\/\/www.bagn.no\/?attachment_id=2900\"><img loading=\"lazy\" decoding=\"async\" class=\"alignright size-thumbnail wp-image-2900\" src=\"http:\/\/www.bagn.no\/wp-content\/upLoads\/Premievinnere-31-150x100.jpg\" alt=\"\" width=\"150\" height=\"100\" \/><\/a><a rel=\"attachment wp-att-2896\" href=\"http:\/\/www.bagn.no\/?attachment_id=2896\"><img loading=\"lazy\" decoding=\"async\" class=\"aligncenter size-thumbnail wp-image-2896\" src=\"http:\/\/www.bagn.no\/wp-content\/upLoads\/Store-premievinnere-150x100.jpg\" alt=\"\" width=\"150\" height=\"100\" \/><\/a><\/p>\n","protected":false},"excerpt":{"rendered":"<p>I dag deltok det 72 skiglade unger. Kvelden ble avsluttet med premiering for telenorkarusellrenn, noe som falt i smak. Kort l\u00f8ype\u00a0 &#8211;\u00a0 uten tid: Gutter f\u00f8dt 2008:\u00a0\u00a0\u00a0\u00a0\u00a0\u00a0\u00a0\u00a0 Niklas B Nybr\u00e5ten Gutter f\u00f8dt 2007:\u00a0\u00a0Mikkel L Johansen,\u00a0 Marius S\u00f8rb\u00f8en, Askil Nybr\u00e5ten Gutter f\u00f8dt 2006:\u00a0\u00a0\u00a0\u00a0\u00a0\u00a0\u00a0\u00a0 Ole Magnus Langedrag, Einar Solbrekken, Erik Thorsrud, Mikkel Nybr\u00e5ten, Birk \u00d8stg\u00e5rd<\/p>\n","protected":false},"author":3,"featured_media":16449,"comment_status":"open","ping_status":"closed","sticky":false,"template":"","format":"standard","meta":{"footnotes":""},"categories":[67,74],"tags":[],"class_list":["post-2884","post","type-post","status-publish","format-standard","has-post-thumbnail","hentry","category-bagn-il","category-idrett"],"_links":{"self":[{"href":"https:\/\/www.bagn.no\/index.php?rest_route=\/wp\/v2\/posts\/2884","targetHints":{"allow":["GET"]}}],"collection":[{"href":"https:\/\/www.bagn.no\/index.php?rest_route=\/wp\/v2\/posts"}],"about":[{"href":"https:\/\/www.bagn.no\/index.php?rest_route=\/wp\/v2\/types\/post"}],"author":[{"embeddable":true,"href":"https:\/\/www.bagn.no\/index.php?rest_route=\/wp\/v2\/users\/3"}],"replies":[{"embeddable":true,"href":"https:\/\/www.bagn.no\/index.php?rest_route=%2Fwp%2Fv2%2Fcomments&post=2884"}],"version-history":[{"count":0,"href":"https:\/\/www.bagn.no\/index.php?rest_route=\/wp\/v2\/posts\/2884\/revisions"}],"wp:featuredmedia":[{"embeddable":true,"href":"https:\/\/www.bagn.no\/index.php?rest_route=\/wp\/v2\/media\/16449"}],"wp:attachment":[{"href":"https:\/\/www.bagn.no\/index.php?rest_route=%2Fwp%2Fv2%2Fmedia&parent=2884"}],"wp:term":[{"taxonomy":"category","embeddable":true,"href":"https:\/\/www.bagn.no\/index.php?rest_route=%2Fwp%2Fv2%2Fcategories&post=2884"},{"taxonomy":"post_tag","embeddable":true,"href":"https:\/\/www.bagn.no\/index.php?rest_route=%2Fwp%2Fv2%2Ftags&post=2884"}],"curies":[{"name":"wp","href":"https:\/\/api.w.org\/{rel}","templated":true}]}}