{"id":27866,"date":"2023-01-27T12:27:35","date_gmt":"2023-01-27T11:27:35","guid":{"rendered":"https:\/\/bagn.no\/?p=27866"},"modified":"2023-01-27T12:27:48","modified_gmt":"2023-01-27T11:27:48","slug":"resultater-klubbrenn-asemyra-4","status":"publish","type":"post","link":"https:\/\/www.bagn.no\/?p=27866","title":{"rendered":"Resultater klubbrenn \u00c5semyra"},"content":{"rendered":"\n<p>Onsdag var klubbrenn-kveld igjen, ogs\u00e5 n\u00e5 p\u00e5 \u00c5semyra.  Og endelig var det vaffelsalg igjen, noe som er en h\u00f8ydare p\u00e5 skirenn.  Vi gratulerer Begna med oppgraderingen og gleder oss til alt blir ferdig.  P\u00e5 rennet var det 54 deltakere, derav 4 p\u00e5 null-l\u00f8p.  Forsidebildet av Ingrid og Eline er fra tidligere i \u00e5r.  Her f\u00f8lger resultatlista. <\/p>\n\n\n\n<div data-wp-interactive=\"core\/file\" class=\"wp-block-file\"><object data-wp-bind--hidden=\"!state.hasPdfPreview\" hidden class=\"wp-block-file__embed\" data=\"https:\/\/bagn.no\/wp-content\/uploads\/2023\/01\/2023-Resultat-Asemyra-25.01.23.pdf\" type=\"application\/pdf\" style=\"width:100%;height:600px\" aria-label=\"Innbygging av 2023-Resultat-Asemyra-25.01.23\"><\/object><a id=\"wp-block-file--media-4eda579a-75ad-46bb-bc7f-9e908d509309\" href=\"https:\/\/bagn.no\/wp-content\/uploads\/2023\/01\/2023-Resultat-Asemyra-25.01.23.pdf\">2023-Resultat-Asemyra-25.01.23<\/a><a href=\"https:\/\/bagn.no\/wp-content\/uploads\/2023\/01\/2023-Resultat-Asemyra-25.01.23.pdf\" class=\"wp-block-file__button wp-element-button\" download aria-describedby=\"wp-block-file--media-4eda579a-75ad-46bb-bc7f-9e908d509309\">Last ned<\/a><\/div>\n\n\n\n<figure class=\"wp-block-image size-large\"><img loading=\"lazy\" decoding=\"async\" width=\"1024\" height=\"683\" src=\"http:\/\/bagn.no\/wp-content\/uploads\/2023\/01\/IMG_7063-1024x683.jpg\" alt=\"\" class=\"wp-image-27868\" srcset=\"\/wp-content\/uploads\/2023\/01\/IMG_7063-1024x683.jpg 1024w, \/wp-content\/uploads\/2023\/01\/IMG_7063-scaled-600x400.jpg 600w, \/wp-content\/uploads\/2023\/01\/IMG_7063-300x200.jpg 300w, \/wp-content\/uploads\/2023\/01\/IMG_7063-768x512.jpg 768w\" sizes=\"auto, (max-width: 1024px) 100vw, 1024px\" \/><\/figure>\n","protected":false},"excerpt":{"rendered":"<p>Onsdag var klubbrenn-kveld igjen, ogs\u00e5 n\u00e5 p\u00e5 \u00c5semyra. Og endelig var det vaffelsalg igjen, noe som er en h\u00f8ydare p\u00e5 skirenn. Vi gratulerer Begna med oppgraderingen og gleder oss til alt blir ferdig. P\u00e5 rennet var det 54 deltakere, derav 4 p\u00e5 null-l\u00f8p. Forsidebildet av Ingrid og Eline er fra tidligere i \u00e5r. Her f\u00f8lger [&hellip;]<\/p>\n","protected":false},"author":3,"featured_media":27868,"comment_status":"open","ping_status":"open","sticky":false,"template":"","format":"standard","meta":{"footnotes":""},"categories":[67,138],"tags":[],"class_list":["post-27866","post","type-post","status-publish","format-standard","has-post-thumbnail","hentry","category-bagn-il","category-begna-il"],"_links":{"self":[{"href":"https:\/\/www.bagn.no\/index.php?rest_route=\/wp\/v2\/posts\/27866","targetHints":{"allow":["GET"]}}],"collection":[{"href":"https:\/\/www.bagn.no\/index.php?rest_route=\/wp\/v2\/posts"}],"about":[{"href":"https:\/\/www.bagn.no\/index.php?rest_route=\/wp\/v2\/types\/post"}],"author":[{"embeddable":true,"href":"https:\/\/www.bagn.no\/index.php?rest_route=\/wp\/v2\/users\/3"}],"replies":[{"embeddable":true,"href":"https:\/\/www.bagn.no\/index.php?rest_route=%2Fwp%2Fv2%2Fcomments&post=27866"}],"version-history":[{"count":0,"href":"https:\/\/www.bagn.no\/index.php?rest_route=\/wp\/v2\/posts\/27866\/revisions"}],"wp:featuredmedia":[{"embeddable":true,"href":"https:\/\/www.bagn.no\/index.php?rest_route=\/wp\/v2\/media\/27868"}],"wp:attachment":[{"href":"https:\/\/www.bagn.no\/index.php?rest_route=%2Fwp%2Fv2%2Fmedia&parent=27866"}],"wp:term":[{"taxonomy":"category","embeddable":true,"href":"https:\/\/www.bagn.no\/index.php?rest_route=%2Fwp%2Fv2%2Fcategories&post=27866"},{"taxonomy":"post_tag","embeddable":true,"href":"https:\/\/www.bagn.no\/index.php?rest_route=%2Fwp%2Fv2%2Ftags&post=27866"}],"curies":[{"name":"wp","href":"https:\/\/api.w.org\/{rel}","templated":true}]}}