{"id":2738,"date":"2010-02-08T21:24:55","date_gmt":"2010-02-08T20:24:55","guid":{"rendered":"http:\/\/www.bagn.no\/?p=2738"},"modified":"2013-11-24T21:54:16","modified_gmt":"2013-11-24T20:54:16","slug":"stor-suksess-for-folk-og-r%c3%b8vere","status":"publish","type":"post","link":"https:\/\/www.bagn.no\/?p=2738","title":{"rendered":"Stor suksess for \u201dFOLK OG R\u00d8VERE\u201d"},"content":{"rendered":"<p><a rel=\"attachment wp-att-2743\" href=\"http:\/\/www.bagn.no\/?attachment_id=2743\"><\/a><a rel=\"attachment wp-att-2750\" href=\"http:\/\/www.bagn.no\/?attachment_id=2750\"><\/a><\/p>\n<p><a rel=\"attachment wp-att-2763\" href=\"http:\/\/www.bagn.no\/?attachment_id=2763\"><img loading=\"lazy\" decoding=\"async\" class=\"alignleft size-thumbnail wp-image-2763\" src=\"http:\/\/bagn.no\/wp-content\/uploads\/2010\/02\/sjalu-kone-150x100.jpg\" alt=\"\" width=\"150\" height=\"100\" \/><\/a>Tekst:\u00a0 Gro Merete Holde\u00a0\u00a0<\/p>\n<p>Foto:\u00a0 Knut Omar Storsveen<\/p>\n<p>For tredje \u00e5r p\u00e5 rad g\u00e5r Bagn idrettslag inn for \u00e5 ha revy. Og for tredje \u00e5r p\u00e5 rad m\u00f8ter mange opp p\u00e5 audition for \u00e5 v\u00e6re med og bidra til nok en morsom og innholdsrik stund.\u00a0 Det var et variert og spennende program, og det ble gitt et lite spark i flere retninger.\u00a0 Flere av v\u00e5re sambygdinger og politikere ble tatt fram, og parodiene var forn\u00f8yelige. Skoledebatten og bygdepatriotisme er aktuelle tema, og ble nevnt i flere settinger.\u00a0 Det var ogs\u00e5 snakk om utroskap, Mullah Krekar, jordbruk\/skogbruk og fredsprisutdeling. Kvitt eller dobbelt gikk igjen i flere runder, og var morsomme og tidvis spontane innslag.<!--more--><\/p>\n<p><a rel=\"attachment wp-att-2746\" href=\"http:\/\/www.bagn.no\/?attachment_id=2746\"><img loading=\"lazy\" decoding=\"async\" class=\"aligncenter size-medium wp-image-2746\" src=\"http:\/\/bagn.no\/wp-content\/uploads\/2010\/02\/jarle-magne-og-anne-500x334.jpg\" alt=\"\" width=\"500\" height=\"334\" \/><\/a><\/p>\n<address>Magne Damslora og Elling Fekj\u00e6r mimrer p\u00e5 aldershjemmet .\u00a0 Evigunge Anne er fortsatt med i bes\u00f8kstjenesten.<\/address>\n<p>Det var lagt opp til en revy hvor man fikk gode roller enten man er ung og lite erfaren, eller man er en gammel ringrev. I \u00e5r var det skuespillere i alderen 12 til 90.<\/p>\n<p>Dansenummeret med fire unge damer var imponerende, og gir et fint avbrekk mellom sketsjene. Det samme gj\u00f8r de fine sanginnslagene.<\/p>\n<p>Noen av skuespillerne har en fantastisk evne til \u00e5 ta ting p\u00e5 sparket, og utfordrer da sine medspillere til \u00e5 v\u00e6re med \u00e5 hive seg utp\u00e5. Lydannlegget sviktet litt innimellom, men dette ble tatt med i sketsjene og gjort til en naturlig del av revyen.<\/p>\n<p>Personlig mener jeg at \u00e5rets revy var bedre enn fjor\u00e5rets. Om dette skyldes tekstene, at de yngste har modnet p\u00e5 et \u00e5r, eller om det bare var dagsformen vites ei.<\/p>\n<p><a rel=\"attachment wp-att-2761\" href=\"http:\/\/www.bagn.no\/?attachment_id=2761\"><\/a>Det var som tidligere nevnt mange som bidro til \u00e5 gj\u00f8re disse kveldene minneverdige. Like viktig som de vi ser p\u00e5 scenen er de som jobber i kulissene. Sminke, lyd, lys, musikk, pauseservering, billettsalg, markedsf\u00f8ring og rydding f\u00f8r, etter og underveis. En stor dugnad med mange livlige og positive akt\u00f8rer gj\u00f8r dette mulig. Tusen takk til alle dem. Og tusen takk til alle som har skrevet gode tekster.<\/p>\n<address><a rel=\"attachment wp-att-2762\" href=\"http:\/\/www.bagn.no\/?attachment_id=2762\"><img loading=\"lazy\" decoding=\"async\" class=\"aligncenter size-medium wp-image-2762\" src=\"http:\/\/bagn.no\/wp-content\/uploads\/2010\/02\/hedalen-kom-til-oss21-500x334.jpg\" alt=\"\" width=\"500\" height=\"334\" \/><\/a>Ten\u00e5ringenes klare oppfordring:\u00a0 Hedalen, kom til oss!\u00a0 <\/address>\n<p>De som ble nevnt spesielt var Mikael F\u00f8nhus og Kari Albertsen S\u00f8rb\u00f8en som hadde ansvaret for hele revyen, b\u00e5de det administrative og det kunstneriske. Magnus Leite ble \u00e6ret av gode kamerater fordi han er en talentfull skuespiller, en god tekstforfatter og fordi han sto for mye av musikken. Takker ogs\u00e5 til disse tre for arbeidet de har lagt ned i \u00e5rets revy.<\/p>\n<p>Og tusen takk til publikum som bidrar til mye latter, gode applauser og penger i idrettslagskassa.<\/p>\n<p>Gro Merete Holde<\/p>\n<p>Styremedlem Bagn IL<\/p>\n<p><a rel=\"attachment wp-att-2747\" href=\"http:\/\/www.bagn.no\/?attachment_id=2747\"><img loading=\"lazy\" decoding=\"async\" class=\"aligncenter size-medium wp-image-2747\" src=\"http:\/\/bagn.no\/wp-content\/uploads\/2010\/02\/engleskole-i-hedalen-500x334.jpg\" alt=\"\" width=\"500\" height=\"334\" \/><\/a><\/p>\n<address>Engleskole i Hedalen er ogs\u00e5 et alternativ<\/address>\n<address><a rel=\"attachment wp-att-2748\" href=\"http:\/\/www.bagn.no\/?attachment_id=2748\"><img loading=\"lazy\" decoding=\"async\" class=\"aligncenter size-medium wp-image-2748\" src=\"http:\/\/bagn.no\/wp-content\/uploads\/2010\/02\/kvitt-el-dobbelt1-500x334.jpg\" alt=\"\" width=\"500\" height=\"334\" \/><\/a><\/address>\n<address>Korvett-eksperten i Kvitt eller dobbelt husket godt modellen som lugget s\u00e5 f\u00e6lt..<\/address>\n<address>Frida Bergersen imponerte med elegant h\u00e5ndtering av Jarles mange improvisasjoner.<\/address>\n<p><a rel=\"attachment wp-att-2749\" href=\"http:\/\/www.bagn.no\/?attachment_id=2749\"><img loading=\"lazy\" decoding=\"async\" class=\"aligncenter size-medium wp-image-2749\" src=\"http:\/\/bagn.no\/wp-content\/uploads\/2010\/02\/jackson-500x334.jpg\" alt=\"\" width=\"500\" height=\"334\" \/><\/a><\/p>\n<address>Fantastiske Mette (Jackson) Haugrud og hennes dansevenner<\/address>\n<address><a rel=\"attachment wp-att-2751\" href=\"http:\/\/www.bagn.no\/?attachment_id=2751\"><\/a><a rel=\"attachment wp-att-2753\" href=\"http:\/\/www.bagn.no\/?attachment_id=2753\"><\/a><a rel=\"attachment wp-att-2752\" href=\"http:\/\/www.bagn.no\/?attachment_id=2752\"><\/a><\/address>\n<address><a rel=\"attachment wp-att-2757\" href=\"http:\/\/www.bagn.no\/?attachment_id=2757\"><\/a><a rel=\"attachment wp-att-2756\" href=\"http:\/\/www.bagn.no\/?attachment_id=2756\"><\/a><\/address>\n<p style=\"text-align: center\"><img loading=\"lazy\" decoding=\"async\" class=\"size-medium wp-image-2757 aligncenter\" src=\"http:\/\/bagn.no\/wp-content\/uploads\/2010\/02\/hanne-b1-334x500.jpg\" alt=\"\" width=\"334\" height=\"500\" \/><\/p>\n<address>(H)Anne (Bl\u00e5fjelldal) Storsveen er ung og vet hva hun vil.<\/address>\n<address><a rel=\"attachment wp-att-2758\" href=\"http:\/\/www.bagn.no\/?attachment_id=2758\"><img loading=\"lazy\" decoding=\"async\" class=\"aligncenter size-medium wp-image-2758\" src=\"http:\/\/bagn.no\/wp-content\/uploads\/2010\/02\/mullahens-svigermor-500x334.jpg\" alt=\"\" width=\"500\" height=\"334\" \/><\/a><\/address>\n<address>Mullaens\u00a0 (Aslak Brustad) svigermor var likevel ikke s\u00e5 uskyldig &#8211; og Alex Rosen syntes alt var like g\u00f8y.<\/address>\n<address><a rel=\"attachment wp-att-2759\" href=\"http:\/\/www.bagn.no\/?attachment_id=2759\"><img loading=\"lazy\" decoding=\"async\" class=\"aligncenter size-medium wp-image-2759\" src=\"http:\/\/bagn.no\/wp-content\/uploads\/2010\/02\/fredsprisen-500x334.jpg\" alt=\"\" width=\"500\" height=\"334\" \/><\/a><\/address>\n<address>S\u00e5 fikk vi endelig vite hvordan Jagland (Eirik Waagaard) klarte \u00e5 kuppe Nobelkomiteen og Kaci Kullman Five (Kari A. S\u00f8rb\u00f8en).<\/address>\n<address><a rel=\"attachment wp-att-2764\" href=\"http:\/\/www.bagn.no\/?attachment_id=2764\"><img loading=\"lazy\" decoding=\"async\" class=\"aligncenter size-medium wp-image-2764\" src=\"http:\/\/bagn.no\/wp-content\/uploads\/2010\/02\/moland-og-french-500x334.jpg\" alt=\"\" width=\"500\" height=\"334\" \/><\/a><\/address>\n<address>Moland og Frenchs spill for galleriet ble ogs\u00e5 avsl\u00f8rt..<\/address>\n<address><a rel=\"attachment wp-att-2765\" href=\"http:\/\/www.bagn.no\/?attachment_id=2765\"><img loading=\"lazy\" decoding=\"async\" class=\"aligncenter size-medium wp-image-2765\" src=\"http:\/\/bagn.no\/wp-content\/uploads\/2010\/02\/magnus-raheim-og-haglund1-500x334.jpg\" alt=\"\" width=\"500\" height=\"334\" \/><\/a><\/address>\n<address>Glitrende prestasjoner av Bj\u00f8rnar (Haglund) S\u00f8rb\u00f8en, Gudmund (R\u00e5heim) S\u00f8rb\u00f8en og Magnus Leite.<\/address>\n<address><a rel=\"attachment wp-att-2766\" href=\"http:\/\/www.bagn.no\/?attachment_id=2766\"><img loading=\"lazy\" decoding=\"async\" class=\"aligncenter size-medium wp-image-2766\" src=\"http:\/\/bagn.no\/wp-content\/uploads\/2010\/02\/mads-og-magnus-500x334.jpg\" alt=\"\" width=\"500\" height=\"334\" \/><\/a><\/address>\n<address>Fortvilet flypassasjer Mads Moe kommer ikke\u00a0forbi den nidkj\u00e6re kontroll\u00f8ren Magnus Leite.<\/address>\n<address><a rel=\"attachment wp-att-2767\" href=\"http:\/\/www.bagn.no\/?attachment_id=2767\"><img loading=\"lazy\" decoding=\"async\" class=\"aligncenter size-medium wp-image-2767\" src=\"http:\/\/bagn.no\/wp-content\/uploads\/2010\/02\/laget-i-dresser-500x334.jpg\" alt=\"\" width=\"500\" height=\"334\" \/><\/a><\/address>\n<address>&#8211; Sammen for laget &#8211;<\/address>\n<address><\/address>\n","protected":false},"excerpt":{"rendered":"<p>Tekst:\u00a0 Gro Merete Holde\u00a0\u00a0 Foto:\u00a0 Knut Omar Storsveen For tredje \u00e5r p\u00e5 rad g\u00e5r Bagn idrettslag inn for \u00e5 ha revy. Og for tredje \u00e5r p\u00e5 rad m\u00f8ter mange opp p\u00e5 audition for \u00e5 v\u00e6re med og bidra til nok en morsom og innholdsrik stund.\u00a0 Det var et variert og spennende program, og det ble [&hellip;]<\/p>\n","protected":false},"author":3,"featured_media":16446,"comment_status":"open","ping_status":"closed","sticky":false,"template":"","format":"standard","meta":{"footnotes":""},"categories":[78],"tags":[],"class_list":["post-2738","post","type-post","status-publish","format-standard","has-post-thumbnail","hentry","category-kultur"],"_links":{"self":[{"href":"https:\/\/www.bagn.no\/index.php?rest_route=\/wp\/v2\/posts\/2738","targetHints":{"allow":["GET"]}}],"collection":[{"href":"https:\/\/www.bagn.no\/index.php?rest_route=\/wp\/v2\/posts"}],"about":[{"href":"https:\/\/www.bagn.no\/index.php?rest_route=\/wp\/v2\/types\/post"}],"author":[{"embeddable":true,"href":"https:\/\/www.bagn.no\/index.php?rest_route=\/wp\/v2\/users\/3"}],"replies":[{"embeddable":true,"href":"https:\/\/www.bagn.no\/index.php?rest_route=%2Fwp%2Fv2%2Fcomments&post=2738"}],"version-history":[{"count":0,"href":"https:\/\/www.bagn.no\/index.php?rest_route=\/wp\/v2\/posts\/2738\/revisions"}],"wp:featuredmedia":[{"embeddable":true,"href":"https:\/\/www.bagn.no\/index.php?rest_route=\/wp\/v2\/media\/16446"}],"wp:attachment":[{"href":"https:\/\/www.bagn.no\/index.php?rest_route=%2Fwp%2Fv2%2Fmedia&parent=2738"}],"wp:term":[{"taxonomy":"category","embeddable":true,"href":"https:\/\/www.bagn.no\/index.php?rest_route=%2Fwp%2Fv2%2Fcategories&post=2738"},{"taxonomy":"post_tag","embeddable":true,"href":"https:\/\/www.bagn.no\/index.php?rest_route=%2Fwp%2Fv2%2Ftags&post=2738"}],"curies":[{"name":"wp","href":"https:\/\/api.w.org\/{rel}","templated":true}]}}