{"id":26728,"date":"2020-04-05T11:52:47","date_gmt":"2020-04-05T09:52:47","guid":{"rendered":"http:\/\/bagn.no\/?p=26728"},"modified":"2020-04-05T12:27:26","modified_gmt":"2020-04-05T10:27:26","slug":"nettgudstjeneste-fra-bagn-palmesondag","status":"publish","type":"post","link":"https:\/\/www.bagn.no\/?p=26728","title":{"rendered":"Nettgudstjeneste fra Bagn Palmes\u00f8ndag"},"content":{"rendered":"\n<p>Velkommen til Gudstjeneste p\u00e5 palmes\u00f8ndag 2020 kl. 1300 . Palmes\u00f8ndag er annerledesdagen, og det \u00e8r annerledes \u00e5 lage gudstjeneste i disse dager.<br>Men n\u00e5r verden er slik den er, har vi valgt \u00e5 invitere deg, via gudstjeneste p\u00e5 nett fra Bagn kyrkje,  til ei kort messe denne palmes\u00f8ndagen.<br>Kl.1300 klikker du deg inn via <a rel=\"noreferrer noopener\" target=\"_blank\" href=\"https:\/\/l.facebook.com\/l.php?u=http%3A%2F%2Fkirken.no%2Fsor.aurdal%3Ffbclid%3DIwAR0c8iYO4yFAU0hcFnwSRnWqOj8_4TbkIX8mU9Fu-oeAKML7793nDwfWTKc&amp;h=AT31GWHrqFOw31sQ_jqnXv1AU9h6ULIELP_SdDhVojhIr6KKjIl7MPeU4aLwf6lQtef2ZyMTJRjEHpPaJbm6JWhmo2pciQLQBgWrPdQTysM7AWxi2K0nLcbZmDFbj85U9g\">kirken.no\/sor-aurdal<\/a>, eller klikker p\u00e5 lenken som kommer her p\u00e5 facebook.<\/p>\n\n\n\n<p>Vi har f\u00e5tt til dette med stor hjelp fra Kjell Eriksen (film, bilder og redigering) og Arne G P Perlestenbakken (film og bilder) fra Hedalen! TUSEN TAKK!<\/p>\n\n\n\n<p>Medvirkende for\u00f8vrig er: Signe Kv\u00e5le, Anders L\u00f8berg, Tore Bergli, Ole F\u00f8nhus, Toril Gr\u00f8nhaug og Liv Barbro Veimodet <\/p>\n\n\n\n<p>Hilsen kirkevergen<\/p>\n\n\n\n<figure class=\"wp-block-image size-large\"><img loading=\"lazy\" decoding=\"async\" width=\"960\" height=\"579\" src=\"http:\/\/bagn.no\/wp-content\/uploads\/2020\/04\/kirka.jpg\" alt=\"\" class=\"wp-image-26729\" srcset=\"\/wp-content\/uploads\/2020\/04\/kirka.jpg 960w, \/wp-content\/uploads\/2020\/04\/kirka-600x362.jpg 600w, \/wp-content\/uploads\/2020\/04\/kirka-300x181.jpg 300w, \/wp-content\/uploads\/2020\/04\/kirka-768x463.jpg 768w\" sizes=\"auto, (max-width: 960px) 100vw, 960px\" \/><\/figure>\n","protected":false},"excerpt":{"rendered":"<p>Velkommen til Gudstjeneste p\u00e5 palmes\u00f8ndag 2020 kl. 1300 . Palmes\u00f8ndag er annerledesdagen, og det \u00e8r annerledes \u00e5 lage gudstjeneste i disse dager.Men n\u00e5r verden er slik den er, har vi valgt \u00e5 invitere deg, via gudstjeneste p\u00e5 nett fra Bagn kyrkje, til ei kort messe denne palmes\u00f8ndagen.Kl.1300 klikker du deg inn via kirken.no\/sor-aurdal, eller klikker [&hellip;]<\/p>\n","protected":false},"author":3,"featured_media":26729,"comment_status":"open","ping_status":"open","sticky":false,"template":"","format":"standard","meta":{"footnotes":""},"categories":[76],"tags":[],"class_list":["post-26728","post","type-post","status-publish","format-standard","has-post-thumbnail","hentry","category-kirke"],"_links":{"self":[{"href":"https:\/\/www.bagn.no\/index.php?rest_route=\/wp\/v2\/posts\/26728","targetHints":{"allow":["GET"]}}],"collection":[{"href":"https:\/\/www.bagn.no\/index.php?rest_route=\/wp\/v2\/posts"}],"about":[{"href":"https:\/\/www.bagn.no\/index.php?rest_route=\/wp\/v2\/types\/post"}],"author":[{"embeddable":true,"href":"https:\/\/www.bagn.no\/index.php?rest_route=\/wp\/v2\/users\/3"}],"replies":[{"embeddable":true,"href":"https:\/\/www.bagn.no\/index.php?rest_route=%2Fwp%2Fv2%2Fcomments&post=26728"}],"version-history":[{"count":0,"href":"https:\/\/www.bagn.no\/index.php?rest_route=\/wp\/v2\/posts\/26728\/revisions"}],"wp:featuredmedia":[{"embeddable":true,"href":"https:\/\/www.bagn.no\/index.php?rest_route=\/wp\/v2\/media\/26729"}],"wp:attachment":[{"href":"https:\/\/www.bagn.no\/index.php?rest_route=%2Fwp%2Fv2%2Fmedia&parent=26728"}],"wp:term":[{"taxonomy":"category","embeddable":true,"href":"https:\/\/www.bagn.no\/index.php?rest_route=%2Fwp%2Fv2%2Fcategories&post=26728"},{"taxonomy":"post_tag","embeddable":true,"href":"https:\/\/www.bagn.no\/index.php?rest_route=%2Fwp%2Fv2%2Ftags&post=26728"}],"curies":[{"name":"wp","href":"https:\/\/api.w.org\/{rel}","templated":true}]}}