{"id":26602,"date":"2020-03-06T18:00:38","date_gmt":"2020-03-06T17:00:38","guid":{"rendered":"http:\/\/bagn.no\/?p=26602"},"modified":"2020-03-08T21:34:17","modified_gmt":"2020-03-08T20:34:17","slug":"spb1-stafetten-i-morgen-pa-asemyra","status":"publish","type":"post","link":"https:\/\/www.bagn.no\/?p=26602","title":{"rendered":"Spb1 Stafetten \u00c5semyra. Startlister"},"content":{"rendered":"\n<p>L\u00f8rdag 7\/3 er det Valdresmesterskapet i skistafett p\u00e5 \u00c5semyra. F\u00f8rste klasse starter kl 12 s\u00e5 m\u00f8t opp i god tid. Det er kiosk og god stemning! Parkering og startliste er kun 50 kroner og betales kontant eller med VIPPS 76629. Premieutdelingen er kl 1410. <\/p>\n\n\n\n<div class=\"wp-block-file\"><a href=\"http:\/\/bagn.no\/wp-content\/uploads\/2020\/03\/Startliste-2020-SB1-Valdresstafetten.pdf\">Startliste-2020-SB1-Valdresstafetten<\/a><a href=\"http:\/\/bagn.no\/wp-content\/uploads\/2020\/03\/Startliste-2020-SB1-Valdresstafetten.pdf\" class=\"wp-block-file__button\" download>Last ned<\/a><\/div>\n\n\n\n<p><\/p>\n\n\n\n<div class=\"wp-block-file\"><a href=\"http:\/\/bagn.no\/wp-content\/uploads\/2020\/03\/stafett.pdf\">Program og starttider stafett<\/a><a href=\"http:\/\/bagn.no\/wp-content\/uploads\/2020\/03\/stafett.pdf\" class=\"wp-block-file__button\" download>Last ned<\/a><\/div>\n\n\n\n<div class=\"wp-block-file\"><a href=\"http:\/\/bagn.no\/wp-content\/uploads\/2020\/03\/Startliste-2020.pdf\">Startliste med lagene og lagoppsett<\/a><a href=\"http:\/\/bagn.no\/wp-content\/uploads\/2020\/03\/Startliste-2020.pdf\" class=\"wp-block-file__button\" download>Last ned<\/a><\/div>\n\n\n\n<figure class=\"wp-block-gallery columns-1 is-cropped wp-block-gallery-1 is-layout-flex wp-block-gallery-is-layout-flex\"><ul class=\"blocks-gallery-grid\"><li class=\"blocks-gallery-item\"><figure><img loading=\"lazy\" decoding=\"async\" width=\"1024\" height=\"683\" src=\"http:\/\/bagn.no\/wp-content\/uploads\/2019\/03\/IMG_2079-1-1024x683.jpg\" alt=\"\" data-id=\"26274\" data-full-url=\"http:\/\/bagn.no\/wp-content\/uploads\/2019\/03\/IMG_2079-1.jpg\" data-link=\"http:\/\/bagn.no\/sor-aurdalsrennet-supersprint\/img_2079-2\/\" class=\"wp-image-26274\" srcset=\"\/wp-content\/uploads\/2019\/03\/IMG_2079-1-1024x683.jpg 1024w, \/wp-content\/uploads\/2019\/03\/IMG_2079-1-600x400.jpg 600w, \/wp-content\/uploads\/2019\/03\/IMG_2079-1-300x200.jpg 300w, \/wp-content\/uploads\/2019\/03\/IMG_2079-1-768x512.jpg 768w\" sizes=\"auto, (max-width: 1024px) 100vw, 1024px\" \/><\/figure><\/li><\/ul><\/figure>\n","protected":false},"excerpt":{"rendered":"<p>L\u00f8rdag 7\/3 er det Valdresmesterskapet i skistafett p\u00e5 \u00c5semyra. F\u00f8rste klasse starter kl 12 s\u00e5 m\u00f8t opp i god tid. Det er kiosk og god stemning! Parkering og startliste er kun 50 kroner og betales kontant eller med VIPPS 76629. Premieutdelingen er kl 1410.<\/p>\n","protected":false},"author":4,"featured_media":26623,"comment_status":"open","ping_status":"open","sticky":false,"template":"","format":"standard","meta":{"footnotes":""},"categories":[69],"tags":[],"class_list":["post-26602","post","type-post","status-publish","format-standard","has-post-thumbnail","hentry","category-bagnbegnabegnadalen"],"_links":{"self":[{"href":"https:\/\/www.bagn.no\/index.php?rest_route=\/wp\/v2\/posts\/26602","targetHints":{"allow":["GET"]}}],"collection":[{"href":"https:\/\/www.bagn.no\/index.php?rest_route=\/wp\/v2\/posts"}],"about":[{"href":"https:\/\/www.bagn.no\/index.php?rest_route=\/wp\/v2\/types\/post"}],"author":[{"embeddable":true,"href":"https:\/\/www.bagn.no\/index.php?rest_route=\/wp\/v2\/users\/4"}],"replies":[{"embeddable":true,"href":"https:\/\/www.bagn.no\/index.php?rest_route=%2Fwp%2Fv2%2Fcomments&post=26602"}],"version-history":[{"count":0,"href":"https:\/\/www.bagn.no\/index.php?rest_route=\/wp\/v2\/posts\/26602\/revisions"}],"wp:featuredmedia":[{"embeddable":true,"href":"https:\/\/www.bagn.no\/index.php?rest_route=\/wp\/v2\/media\/26623"}],"wp:attachment":[{"href":"https:\/\/www.bagn.no\/index.php?rest_route=%2Fwp%2Fv2%2Fmedia&parent=26602"}],"wp:term":[{"taxonomy":"category","embeddable":true,"href":"https:\/\/www.bagn.no\/index.php?rest_route=%2Fwp%2Fv2%2Fcategories&post=26602"},{"taxonomy":"post_tag","embeddable":true,"href":"https:\/\/www.bagn.no\/index.php?rest_route=%2Fwp%2Fv2%2Ftags&post=26602"}],"curies":[{"name":"wp","href":"https:\/\/api.w.org\/{rel}","templated":true}]}}