{"id":24272,"date":"2016-12-07T01:16:36","date_gmt":"2016-12-07T00:16:36","guid":{"rendered":"http:\/\/bagn.no\/?p=24272"},"modified":"2016-12-07T15:46:58","modified_gmt":"2016-12-07T14:46:58","slug":"sor-aurdalhallen","status":"publish","type":"post","link":"https:\/\/www.bagn.no\/?p=24272","title":{"rendered":"S\u00f8r-Aurdalhallen"},"content":{"rendered":"<p><a href=\"http:\/\/bagn.no\/wp-content\/uploads\/2016\/12\/S\u00f8r-Aurdalhallen_Page_1.jpg\" target=\"_blank\"><img loading=\"lazy\" decoding=\"async\" class=\"alignleft size-thumbnail wp-image-24274\" src=\"http:\/\/bagn.no\/wp-content\/uploads\/2016\/12\/S\u00f8r-Aurdalhallen_Page_1-150x150.jpg\" alt=\"sor-aurdalhallen_page_1\" width=\"150\" height=\"150\" \/><\/a>Kommunestyret hadde m\u00f8te tirsdag 6. desember, hvor blant annet budsjettet for 2017, og \u00f8konomiplan 2017 \u20132020 ble behandlet. I dette var blant annet investeringer som ny brannstasjon i Bagn, vedlikehold av Bagn kirke og S\u00f8r-Aurdalhallen.<\/p>\n<p>Budsjettet og \u00f8konomiplanen ble vedtatt. S\u00f8r-Aurdalhallen ble godkjent med noen mindre justeringer\/reduksjoner. \u00d8kte kostnader blir finansiert delvis av et ubundet fond p\u00e5 6,5 millioner kroner, som kommunen har st\u00e5ende, og delvis ved at ny brannstasjon blir utsatt. Alle partier, unntatt KrF, sto samlet bak forslaget som ble vedtatt med 21 mot 4 stemmer. En representant fra Ap og en representant fra Sp stemte ogs\u00e5 imot.<\/p>\n<p>Fokuset i dette innlegget er S\u00f8r-Aurdalhallen, siden nybygget har skapt mange diskusjoner og er et meget kostbart bygg. Men det er ingen tvil om at dette er noe S\u00f8r-Aurdal kommune trenger. Alle kommuner har et kommunesentrum og i S\u00f8r-Aurdal er det Bagn. Dette m\u00e5 vi alle se som en styrke, ikke som en utfordring. At man kan v\u00e6re uenige i saker m\u00e5 vi ogs\u00e5 akseptere. Noen ganger m\u00e5 man v\u00e6re enige om at man er uenige.<\/p>\n<div><em><a href=\"http:\/\/reinli.no\/hall.pdf\" target=\"_blank\">Presentasjonen til Oddleiv Juvkam<\/a><\/em><\/div>\n<div><\/div>\n<div><\/div>\n<div><em><a href=\"http:\/\/reinli.no\/S\u00f8r-Aurdalhallen.pdf\" target=\"_blank\">Flere bilder og tegninger<\/a><\/em><\/div>\n","protected":false},"excerpt":{"rendered":"<p>Kommunestyret hadde m\u00f8te tirsdag 6. desember, hvor blant annet budsjettet for 2017, og \u00f8konomiplan 2017 \u20132020 ble behandlet. I dette var blant annet investeringer som ny brannstasjon i Bagn, vedlikehold av Bagn kirke og S\u00f8r-Aurdalhallen. Budsjettet og \u00f8konomiplanen ble vedtatt. S\u00f8r-Aurdalhallen ble godkjent med noen mindre justeringer\/reduksjoner. \u00d8kte kostnader blir finansiert delvis av et ubundet [&hellip;]<\/p>\n","protected":false},"author":2,"featured_media":24274,"comment_status":"open","ping_status":"open","sticky":false,"template":"","format":"standard","meta":{"footnotes":""},"categories":[67,75,78,82,83,85],"tags":[],"class_list":["post-24272","post","type-post","status-publish","format-standard","has-post-thumbnail","hentry","category-bagn-il","category-idrettshall-kulturhus","category-kultur","category-lokale-nyheter","category-naering","category-politikk"],"_links":{"self":[{"href":"https:\/\/www.bagn.no\/index.php?rest_route=\/wp\/v2\/posts\/24272","targetHints":{"allow":["GET"]}}],"collection":[{"href":"https:\/\/www.bagn.no\/index.php?rest_route=\/wp\/v2\/posts"}],"about":[{"href":"https:\/\/www.bagn.no\/index.php?rest_route=\/wp\/v2\/types\/post"}],"author":[{"embeddable":true,"href":"https:\/\/www.bagn.no\/index.php?rest_route=\/wp\/v2\/users\/2"}],"replies":[{"embeddable":true,"href":"https:\/\/www.bagn.no\/index.php?rest_route=%2Fwp%2Fv2%2Fcomments&post=24272"}],"version-history":[{"count":0,"href":"https:\/\/www.bagn.no\/index.php?rest_route=\/wp\/v2\/posts\/24272\/revisions"}],"wp:featuredmedia":[{"embeddable":true,"href":"https:\/\/www.bagn.no\/index.php?rest_route=\/wp\/v2\/media\/24274"}],"wp:attachment":[{"href":"https:\/\/www.bagn.no\/index.php?rest_route=%2Fwp%2Fv2%2Fmedia&parent=24272"}],"wp:term":[{"taxonomy":"category","embeddable":true,"href":"https:\/\/www.bagn.no\/index.php?rest_route=%2Fwp%2Fv2%2Fcategories&post=24272"},{"taxonomy":"post_tag","embeddable":true,"href":"https:\/\/www.bagn.no\/index.php?rest_route=%2Fwp%2Fv2%2Ftags&post=24272"}],"curies":[{"name":"wp","href":"https:\/\/api.w.org\/{rel}","templated":true}]}}