{"id":23811,"date":"2016-05-20T07:47:10","date_gmt":"2016-05-20T05:47:10","guid":{"rendered":"http:\/\/bagn.no\/?p=23811"},"modified":"2016-05-20T08:08:23","modified_gmt":"2016-05-20T06:08:23","slug":"folkemote-om-kommunestruktur","status":"publish","type":"post","link":"https:\/\/www.bagn.no\/?p=23811","title":{"rendered":"Folkem\u00f8te om kommunestruktur"},"content":{"rendered":"<p><img loading=\"lazy\" decoding=\"async\" class=\"alignleft size-medium wp-image-23812\" src=\"http:\/\/bagn.no\/wp-content\/uploads\/2016\/05\/16.05.08-Kormunikasjon-198-300x201.jpg\" alt=\"16.05.08 Kormunikasjon (198)\" width=\"300\" height=\"201\" srcset=\"\/wp-content\/uploads\/2016\/05\/16.05.08-Kormunikasjon-198-300x201.jpg 300w, \/wp-content\/uploads\/2016\/05\/16.05.08-Kormunikasjon-198-600x402.jpg 600w, \/wp-content\/uploads\/2016\/05\/16.05.08-Kormunikasjon-198-768x514.jpg 768w, \/wp-content\/uploads\/2016\/05\/16.05.08-Kormunikasjon-198-1024x685.jpg 1024w\" sizes=\"auto, (max-width: 300px) 100vw, 300px\" \/>Gikk du glipp av folkem\u00f8tet p\u00e5 Fagernes i g\u00e5r? Da kan du se opptak av hele m\u00f8tet her.\u00a0 I tillegg til alle ordf\u00f8rerne, s\u00e5 sitter to motstandere og to tilhengere av sammensl\u00e5ing i panelet.\u00a0\u00a0Se presentasjon av disse under linken.\u00a0 <em>(foto av\u00a0Jan Henrik Bakke er fra en annen anledning)<\/em><\/p>\n<p><a href=\"https:\/\/youtu.be\/uNoJs6-Z7aE\">https:\/\/youtu.be\/uNoJs6-Z7aE<\/a><\/p>\n<p>&nbsp;<\/p>\n<p class=\"oneComWebmail-MsoNormal\"><span class=\"colour\">\u00a0\u00a0\u00a0\u00a0\u00a0\u00a0\u00a0\u00a0\u00a0\u00a0\u00a0\u00a0\u00a0\u00a0\u00a0 <b>Jan Henrik Bakke<\/b>, rektor, Bagn. Er invitert fordi han har sterke synspunkt p\u00e5 prosessen rundt kommunemodernisering, noko han ogs\u00e5 har skrive om i fleire lesarinnlegg. Er sterk <u>motstandar<\/u>av ei samansl\u00e5ing. <\/span><\/p>\n<p class=\"oneComWebmail-MsoNormal\"><span class=\"colour\">\u00a0\u00a0\u00a0\u00a0\u00a0\u00a0\u00a0\u00a0\u00a0\u00a0\u00a0\u00a0\u00a0\u00a0\u00a0 <b>Magne Kampen<\/b>, banksjef, Fagernes. Er invitert fordi han i mange \u00e5r har vore sterkt engasjert i \u00a0framtida for Valdres, b\u00e5de som tidligare politikar, og som n\u00e6ringslivsmann. Er sterk <u>tilhengjarar<\/u>av ei samansl\u00e5ing. <\/span><\/p>\n<p class=\"oneComWebmail-MsoNormal\"><b><span class=\"colour\">Frode Rolandsgard<\/span><\/b><span class=\"colour\">, platedirekt\u00f8r og bonde, Lomen. Er invitert fordi han har engasjert seg sterkt i debatten rundt kommunemodernisering, b\u00e5de p\u00e5 Facebook og i kommunestyret. Er sterk <u>motstandar<\/u> av ei samansl\u00e5ing.<\/span><\/p>\n<p class=\"oneComWebmail-MsoNormal\"><b><span class=\"colour\">Arne Lambech<\/span><\/b><span class=\"colour\">, hytteeigar i Valdres i 12 \u00e5r. Er invitert fordi me ynskjer \u00e5 h\u00f8yra kva hyttefolket meiner om saka, og s\u00e6rleg fr\u00e5 ein som ogs\u00e5 set i Valdresr\u00e5det. Er sterk <u>tilhengjarar<\/u> av ei samansl\u00e5ing.<\/span><\/p>\n","protected":false},"excerpt":{"rendered":"<p>Gikk du glipp av folkem\u00f8tet p\u00e5 Fagernes i g\u00e5r? Da kan du se opptak av hele m\u00f8tet her.\u00a0 I tillegg til alle ordf\u00f8rerne, s\u00e5 sitter to motstandere og to tilhengere av sammensl\u00e5ing i panelet.\u00a0\u00a0Se presentasjon av disse under linken.\u00a0 (foto av\u00a0Jan Henrik Bakke er fra en annen anledning) https:\/\/youtu.be\/uNoJs6-Z7aE &nbsp; \u00a0\u00a0\u00a0\u00a0\u00a0\u00a0\u00a0\u00a0\u00a0\u00a0\u00a0\u00a0\u00a0\u00a0\u00a0 Jan Henrik Bakke, rektor, [&hellip;]<\/p>\n","protected":false},"author":3,"featured_media":23812,"comment_status":"open","ping_status":"open","sticky":false,"template":"","format":"standard","meta":{"footnotes":""},"categories":[85],"tags":[],"class_list":["post-23811","post","type-post","status-publish","format-standard","has-post-thumbnail","hentry","category-politikk"],"_links":{"self":[{"href":"https:\/\/www.bagn.no\/index.php?rest_route=\/wp\/v2\/posts\/23811","targetHints":{"allow":["GET"]}}],"collection":[{"href":"https:\/\/www.bagn.no\/index.php?rest_route=\/wp\/v2\/posts"}],"about":[{"href":"https:\/\/www.bagn.no\/index.php?rest_route=\/wp\/v2\/types\/post"}],"author":[{"embeddable":true,"href":"https:\/\/www.bagn.no\/index.php?rest_route=\/wp\/v2\/users\/3"}],"replies":[{"embeddable":true,"href":"https:\/\/www.bagn.no\/index.php?rest_route=%2Fwp%2Fv2%2Fcomments&post=23811"}],"version-history":[{"count":0,"href":"https:\/\/www.bagn.no\/index.php?rest_route=\/wp\/v2\/posts\/23811\/revisions"}],"wp:featuredmedia":[{"embeddable":true,"href":"https:\/\/www.bagn.no\/index.php?rest_route=\/wp\/v2\/media\/23812"}],"wp:attachment":[{"href":"https:\/\/www.bagn.no\/index.php?rest_route=%2Fwp%2Fv2%2Fmedia&parent=23811"}],"wp:term":[{"taxonomy":"category","embeddable":true,"href":"https:\/\/www.bagn.no\/index.php?rest_route=%2Fwp%2Fv2%2Fcategories&post=23811"},{"taxonomy":"post_tag","embeddable":true,"href":"https:\/\/www.bagn.no\/index.php?rest_route=%2Fwp%2Fv2%2Ftags&post=23811"}],"curies":[{"name":"wp","href":"https:\/\/api.w.org\/{rel}","templated":true}]}}