{"id":23253,"date":"2015-11-16T23:11:47","date_gmt":"2015-11-16T22:11:47","guid":{"rendered":"http:\/\/bagn.no\/?p=23253"},"modified":"2015-11-16T23:11:47","modified_gmt":"2015-11-16T22:11:47","slug":"flott-jubileumskonsert-med-korpset","status":"publish","type":"post","link":"https:\/\/www.bagn.no\/?p=23253","title":{"rendered":"Flott jubileumskonsert med korpset"},"content":{"rendered":"<p><a href=\"http:\/\/bagn.no\/wp-content\/uploads\/2015\/11\/15.11.14-Korpset_100\u00e5r-45.jpg\"><img loading=\"lazy\" decoding=\"async\" class=\"alignleft size-medium wp-image-23255\" src=\"http:\/\/bagn.no\/wp-content\/uploads\/2015\/11\/15.11.14-Korpset_100\u00e5r-45-300x201.jpg\" alt=\"15.11.14 Korpset_100\u00e5r (45)\" width=\"300\" height=\"201\" \/><\/a>Bagn Musikkorps feirer 100 \u00e5rsjubileum i \u00e5r, og feiret med en feiende flott konsert sammen med Begnadalen Musikkorps og andre akt\u00f8rer l\u00f8rdag.\u00a0 Les mer om konserten og se bilder i avisa-Valdres her:<\/p>\n<p><a href=\"http:\/\/www.avisa-valdres.no\/sor-aurdal\/kultur\/munter-jubileumskonsert-med-korpset\/s\/5-54-52482\" target=\"_blank\">Jubileumskonserten til Bagn Musikkorps<\/a><\/p>\n<p>&nbsp;<\/p>\n","protected":false},"excerpt":{"rendered":"<p>Bagn Musikkorps feirer 100 \u00e5rsjubileum i \u00e5r, og feiret med en feiende flott konsert sammen med Begnadalen Musikkorps og andre akt\u00f8rer l\u00f8rdag.\u00a0 Les mer om konserten og se bilder i avisa-Valdres her: Jubileumskonserten til Bagn Musikkorps &nbsp;<\/p>\n","protected":false},"author":3,"featured_media":0,"comment_status":"open","ping_status":"open","sticky":false,"template":"","format":"standard","meta":{"footnotes":""},"categories":[156,78],"tags":[],"class_list":["post-23253","post","type-post","status-publish","format-standard","hentry","category-bagn-musikkorps","category-kultur"],"_links":{"self":[{"href":"https:\/\/www.bagn.no\/index.php?rest_route=\/wp\/v2\/posts\/23253","targetHints":{"allow":["GET"]}}],"collection":[{"href":"https:\/\/www.bagn.no\/index.php?rest_route=\/wp\/v2\/posts"}],"about":[{"href":"https:\/\/www.bagn.no\/index.php?rest_route=\/wp\/v2\/types\/post"}],"author":[{"embeddable":true,"href":"https:\/\/www.bagn.no\/index.php?rest_route=\/wp\/v2\/users\/3"}],"replies":[{"embeddable":true,"href":"https:\/\/www.bagn.no\/index.php?rest_route=%2Fwp%2Fv2%2Fcomments&post=23253"}],"version-history":[{"count":0,"href":"https:\/\/www.bagn.no\/index.php?rest_route=\/wp\/v2\/posts\/23253\/revisions"}],"wp:attachment":[{"href":"https:\/\/www.bagn.no\/index.php?rest_route=%2Fwp%2Fv2%2Fmedia&parent=23253"}],"wp:term":[{"taxonomy":"category","embeddable":true,"href":"https:\/\/www.bagn.no\/index.php?rest_route=%2Fwp%2Fv2%2Fcategories&post=23253"},{"taxonomy":"post_tag","embeddable":true,"href":"https:\/\/www.bagn.no\/index.php?rest_route=%2Fwp%2Fv2%2Ftags&post=23253"}],"curies":[{"name":"wp","href":"https:\/\/api.w.org\/{rel}","templated":true}]}}