{"id":23163,"date":"2015-10-20T01:50:03","date_gmt":"2015-10-19T23:50:03","guid":{"rendered":"http:\/\/bagn.no\/?p=23163"},"modified":"2015-10-19T21:01:25","modified_gmt":"2015-10-19T19:01:25","slug":"kulturkvelden-blir-20-november-pa-saus","status":"publish","type":"post","link":"https:\/\/www.bagn.no\/?p=23163","title":{"rendered":"Kulturkvelden blir 20. november p\u00e5 SAUS"},"content":{"rendered":"<p><a href=\"http:\/\/bagn.no\/wp-content\/uploads\/2015\/10\/kulturogidrettspris2014.jpg\"><img loading=\"lazy\" decoding=\"async\" class=\"alignleft size-medium wp-image-23164\" src=\"http:\/\/bagn.no\/wp-content\/uploads\/2015\/10\/kulturogidrettspris2014-300x200.jpg\" alt=\"kulturogidrettspris2014\" width=\"300\" height=\"200\" \/><\/a>Kulturkvelden g\u00e5r av stabelen <strong>fredag 20. november 2015 kl. 19.00 p\u00e5 S\u00f8r-Aurdal ungdomsskole<\/strong>. Da blir det utdeling av Kulturprisen og Idrettsprisen for \u00e5r 2015. Det blir rikholdig underholdning av lokale krefter. Servering. Gratis inngang.<\/p>\n<p>Arr: S\u00f8r-Aurdal kommune i samarbeid med S\u00f8r-Aurdal R\u00f8de Kors Bes\u00f8kstjeneste.<\/p>\n<p>Velkommen!<\/p>\n<p><em>Foto:\u00a0 2014:\u00a0 Vinner av kulturpris Eldor Br\u00e5then og idrettsprisvinner Jostein Strandbr\u00e5ten sammen med ordf\u00f8rer K\u00e5re Helland.\u00a0 Fotograf Gunvor Elene Thorsrud<\/em><\/p>\n","protected":false},"excerpt":{"rendered":"<p>Kulturkvelden g\u00e5r av stabelen fredag 20. november 2015 kl. 19.00 p\u00e5 S\u00f8r-Aurdal ungdomsskole. Da blir det utdeling av Kulturprisen og Idrettsprisen for \u00e5r 2015. Det blir rikholdig underholdning av lokale krefter. Servering. Gratis inngang. Arr: S\u00f8r-Aurdal kommune i samarbeid med S\u00f8r-Aurdal R\u00f8de Kors Bes\u00f8kstjeneste. Velkommen! Foto:\u00a0 2014:\u00a0 Vinner av kulturpris Eldor Br\u00e5then og idrettsprisvinner Jostein [&hellip;]<\/p>\n","protected":false},"author":3,"featured_media":0,"comment_status":"open","ping_status":"open","sticky":false,"template":"","format":"standard","meta":{"footnotes":""},"categories":[78,147],"tags":[],"class_list":["post-23163","post","type-post","status-publish","format-standard","hentry","category-kultur","category-sor-aurdal-kommune-2"],"_links":{"self":[{"href":"https:\/\/www.bagn.no\/index.php?rest_route=\/wp\/v2\/posts\/23163","targetHints":{"allow":["GET"]}}],"collection":[{"href":"https:\/\/www.bagn.no\/index.php?rest_route=\/wp\/v2\/posts"}],"about":[{"href":"https:\/\/www.bagn.no\/index.php?rest_route=\/wp\/v2\/types\/post"}],"author":[{"embeddable":true,"href":"https:\/\/www.bagn.no\/index.php?rest_route=\/wp\/v2\/users\/3"}],"replies":[{"embeddable":true,"href":"https:\/\/www.bagn.no\/index.php?rest_route=%2Fwp%2Fv2%2Fcomments&post=23163"}],"version-history":[{"count":0,"href":"https:\/\/www.bagn.no\/index.php?rest_route=\/wp\/v2\/posts\/23163\/revisions"}],"wp:attachment":[{"href":"https:\/\/www.bagn.no\/index.php?rest_route=%2Fwp%2Fv2%2Fmedia&parent=23163"}],"wp:term":[{"taxonomy":"category","embeddable":true,"href":"https:\/\/www.bagn.no\/index.php?rest_route=%2Fwp%2Fv2%2Fcategories&post=23163"},{"taxonomy":"post_tag","embeddable":true,"href":"https:\/\/www.bagn.no\/index.php?rest_route=%2Fwp%2Fv2%2Ftags&post=23163"}],"curies":[{"name":"wp","href":"https:\/\/api.w.org\/{rel}","templated":true}]}}