{"id":23060,"date":"2015-09-24T01:37:16","date_gmt":"2015-09-23T23:37:16","guid":{"rendered":"http:\/\/bagn.no\/?p=23060"},"modified":"2015-09-24T01:38:32","modified_gmt":"2015-09-23T23:38:32","slug":"resultat-for-sokne-menighetsradsvalg","status":"publish","type":"post","link":"https:\/\/www.bagn.no\/?p=23060","title":{"rendered":"Resultat for sokner\u00e5dsvalget"},"content":{"rendered":"<p><strong><a href=\"http:\/\/bagn.no\/wp-content\/uploads\/2015\/03\/BagnKyrkje.jpg\"><img loading=\"lazy\" decoding=\"async\" class=\"alignleft size-medium wp-image-22070\" src=\"http:\/\/bagn.no\/wp-content\/uploads\/2015\/03\/BagnKyrkje-300x169.jpg\" alt=\"BagnKyrkje\" width=\"300\" height=\"169\" srcset=\"\/wp-content\/uploads\/2015\/03\/BagnKyrkje-300x169.jpg 300w, \/wp-content\/uploads\/2015\/03\/BagnKyrkje-600x338.jpg 600w, \/wp-content\/uploads\/2015\/03\/BagnKyrkje-1024x577.jpg 1024w, \/wp-content\/uploads\/2015\/03\/BagnKyrkje.jpg 1920w\" sizes=\"auto, (max-width: 300px) 100vw, 300px\" \/><\/a>RESULTAT FOR SOKNE- \/MENIGHETSR\u00c5DSVALG <\/strong><strong>I S\u00d8R-AURDAL 2015-2019<\/strong><\/p>\n<p><strong>FASTE MEDLEMMER i BAGN SOKNER\u00c5D<\/strong><\/p>\n<p>Mikael D\u00f8lven, Turid Vold Juvkam, Gro Merete Holde, K\u00e5re Leite, Syver Bang og \u00d8ystein Kleven<\/p>\n<p><strong>VARAMEDLEMMER<\/strong><\/p>\n<p>Kari Nysveen, Marit Sundvold Brustad, Ragnhild Elise Fr\u00f8shaug, Grethe Karin Framnes Langedrag og Arne Erik F\u00f8nhus<\/p>\n<p>&nbsp;<\/p>\n<p><strong>FASTE MEDLEMMER i LEIRSKOGEN SOKNR\u00c5D<\/strong><\/p>\n<p>Arnt Magne Stens\u00e6ter, Astrid Hafton, Robert Dalen, Gerd Sigrunn T\u00f8rhaug Skj\u00e6rstein<\/p>\n<p><strong>VARAMEDLEMMER<\/strong><\/p>\n<p>Anne-Grethe Ottosen, Anne Lise S\u00f8rb\u00f8en, Lill Kristin Gjellum, Mari Harlaug Ner\u00f8deg\u00e5rd og Rakel Nybr\u00e5ten<\/p>\n","protected":false},"excerpt":{"rendered":"<p>RESULTAT FOR SOKNE- \/MENIGHETSR\u00c5DSVALG I S\u00d8R-AURDAL 2015-2019 FASTE MEDLEMMER i BAGN SOKNER\u00c5D Mikael D\u00f8lven, Turid Vold Juvkam, Gro Merete Holde, K\u00e5re Leite, Syver Bang og \u00d8ystein Kleven VARAMEDLEMMER Kari Nysveen, Marit Sundvold Brustad, Ragnhild Elise Fr\u00f8shaug, Grethe Karin Framnes Langedrag og Arne Erik F\u00f8nhus &nbsp; FASTE MEDLEMMER i LEIRSKOGEN SOKNR\u00c5D Arnt Magne Stens\u00e6ter, Astrid Hafton, [&hellip;]<\/p>\n","protected":false},"author":3,"featured_media":23061,"comment_status":"open","ping_status":"open","sticky":false,"template":"","format":"standard","meta":{"footnotes":""},"categories":[76],"tags":[],"class_list":["post-23060","post","type-post","status-publish","format-standard","has-post-thumbnail","hentry","category-kirke"],"_links":{"self":[{"href":"https:\/\/www.bagn.no\/index.php?rest_route=\/wp\/v2\/posts\/23060","targetHints":{"allow":["GET"]}}],"collection":[{"href":"https:\/\/www.bagn.no\/index.php?rest_route=\/wp\/v2\/posts"}],"about":[{"href":"https:\/\/www.bagn.no\/index.php?rest_route=\/wp\/v2\/types\/post"}],"author":[{"embeddable":true,"href":"https:\/\/www.bagn.no\/index.php?rest_route=\/wp\/v2\/users\/3"}],"replies":[{"embeddable":true,"href":"https:\/\/www.bagn.no\/index.php?rest_route=%2Fwp%2Fv2%2Fcomments&post=23060"}],"version-history":[{"count":0,"href":"https:\/\/www.bagn.no\/index.php?rest_route=\/wp\/v2\/posts\/23060\/revisions"}],"wp:featuredmedia":[{"embeddable":true,"href":"https:\/\/www.bagn.no\/index.php?rest_route=\/wp\/v2\/media\/23061"}],"wp:attachment":[{"href":"https:\/\/www.bagn.no\/index.php?rest_route=%2Fwp%2Fv2%2Fmedia&parent=23060"}],"wp:term":[{"taxonomy":"category","embeddable":true,"href":"https:\/\/www.bagn.no\/index.php?rest_route=%2Fwp%2Fv2%2Fcategories&post=23060"},{"taxonomy":"post_tag","embeddable":true,"href":"https:\/\/www.bagn.no\/index.php?rest_route=%2Fwp%2Fv2%2Ftags&post=23060"}],"curies":[{"name":"wp","href":"https:\/\/api.w.org\/{rel}","templated":true}]}}