{"id":23036,"date":"2015-09-15T15:18:25","date_gmt":"2015-09-15T13:18:25","guid":{"rendered":"http:\/\/bagn.no\/?p=23036"},"modified":"2015-09-15T15:18:25","modified_gmt":"2015-09-15T13:18:25","slug":"valgresultatet-klart","status":"publish","type":"post","link":"https:\/\/www.bagn.no\/?p=23036","title":{"rendered":"Valgresultatet klart"},"content":{"rendered":"<p><a href=\"http:\/\/bagn.no\/wp-content\/uploads\/2015\/09\/ordf\u00f8reren.jpg\"><img loading=\"lazy\" decoding=\"async\" class=\"alignleft size-medium wp-image-23037\" src=\"http:\/\/bagn.no\/wp-content\/uploads\/2015\/09\/ordf\u00f8reren-300x224.jpg\" alt=\"ordf\u00f8reren\" width=\"300\" height=\"224\" srcset=\"\/wp-content\/uploads\/2015\/09\/ordf\u00f8reren-300x224.jpg 300w, \/wp-content\/uploads\/2015\/09\/ordf\u00f8reren-1024x765.jpg 1024w\" sizes=\"auto, (max-width: 300px) 100vw, 300px\" \/><\/a>Senterpartiet med ordf\u00f8rer K\u00e5re Helland i spissen er den store vinneren etter kommunevalget, og ender opp med 12 av de 25 representantene i kommunestyret.\u00a0 Det er en \u00f8kning p\u00e5 4 i forhold til 2011.\u00a0 Arbeiderpartiet g\u00e5r tilbake og f\u00e5r inn 6 representanter, H\u00f8yre beholder sine 2, KrF \u00f8ker til 2, deriblant Emmy Bakkom, TPK g\u00e5r ned til 2,\u00a0og FrP mister 2 og sitter igjen med 1 representant.<\/p>\n<p>Se mer informasjon p\u00e5 kommunesida:<\/p>\n<p><a href=\"http:\/\/www.sor-aurdal.kommune.no\/aktuelt\/aktuelt\/endelig-valgresultat-i-sor-aurdal-2015.47048.aspx#.VfgJ1HvCIdM.facebook\">http:\/\/www.sor-aurdal.kommune.no<\/a><\/p>\n","protected":false},"excerpt":{"rendered":"<p>Senterpartiet med ordf\u00f8rer K\u00e5re Helland i spissen er den store vinneren etter kommunevalget, og ender opp med 12 av de 25 representantene i kommunestyret.\u00a0 Det er en \u00f8kning p\u00e5 4 i forhold til 2011.\u00a0 Arbeiderpartiet g\u00e5r tilbake og f\u00e5r inn 6 representanter, H\u00f8yre beholder sine 2, KrF \u00f8ker til 2, deriblant Emmy Bakkom, TPK g\u00e5r [&hellip;]<\/p>\n","protected":false},"author":3,"featured_media":23037,"comment_status":"open","ping_status":"open","sticky":false,"template":"","format":"standard","meta":{"footnotes":""},"categories":[85],"tags":[],"class_list":["post-23036","post","type-post","status-publish","format-standard","has-post-thumbnail","hentry","category-politikk"],"_links":{"self":[{"href":"https:\/\/www.bagn.no\/index.php?rest_route=\/wp\/v2\/posts\/23036","targetHints":{"allow":["GET"]}}],"collection":[{"href":"https:\/\/www.bagn.no\/index.php?rest_route=\/wp\/v2\/posts"}],"about":[{"href":"https:\/\/www.bagn.no\/index.php?rest_route=\/wp\/v2\/types\/post"}],"author":[{"embeddable":true,"href":"https:\/\/www.bagn.no\/index.php?rest_route=\/wp\/v2\/users\/3"}],"replies":[{"embeddable":true,"href":"https:\/\/www.bagn.no\/index.php?rest_route=%2Fwp%2Fv2%2Fcomments&post=23036"}],"version-history":[{"count":0,"href":"https:\/\/www.bagn.no\/index.php?rest_route=\/wp\/v2\/posts\/23036\/revisions"}],"wp:featuredmedia":[{"embeddable":true,"href":"https:\/\/www.bagn.no\/index.php?rest_route=\/wp\/v2\/media\/23037"}],"wp:attachment":[{"href":"https:\/\/www.bagn.no\/index.php?rest_route=%2Fwp%2Fv2%2Fmedia&parent=23036"}],"wp:term":[{"taxonomy":"category","embeddable":true,"href":"https:\/\/www.bagn.no\/index.php?rest_route=%2Fwp%2Fv2%2Fcategories&post=23036"},{"taxonomy":"post_tag","embeddable":true,"href":"https:\/\/www.bagn.no\/index.php?rest_route=%2Fwp%2Fv2%2Ftags&post=23036"}],"curies":[{"name":"wp","href":"https:\/\/api.w.org\/{rel}","templated":true}]}}