{"id":22293,"date":"2015-04-23T23:36:41","date_gmt":"2015-04-23T21:36:41","guid":{"rendered":"http:\/\/bagn.no\/?p=22293"},"modified":"2015-04-23T23:41:19","modified_gmt":"2015-04-23T21:41:19","slug":"kandidater-til-positivprisen-2014","status":"publish","type":"post","link":"https:\/\/www.bagn.no\/?p=22293","title":{"rendered":"Kandidater til positivprisen 2014 ?"},"content":{"rendered":"<p><em><a href=\"http:\/\/bagn.no\/wp-content\/uploads\/2015\/04\/SAK.gif\"><img loading=\"lazy\" decoding=\"async\" class=\" size-full wp-image-22295 alignleft\" src=\"http:\/\/bagn.no\/wp-content\/uploads\/2015\/04\/SAK.gif\" alt=\"SAK\" width=\"240\" height=\"292\" \/><\/a>Vi ber om at forslag p\u00e5 kandidater sendes til S\u00f8r-Aurdal kommune ved Stig Solbrekken enten skriftlig eller p\u00e5 e-post<\/em><em>\u00a0<\/em><a href=\"mailto:Stig.Solbrekken@sor-aurdal.kommune.no\"><em>Stig.Solbrekken@sor-aurdal.kommune.no<\/em><\/a><em>\u00a0 innen 1.5 2015\u00a0\u00a0<\/em><\/p>\n<p>Positivprisen for S\u00f8r-Aurdal ble f\u00f8rste gang utdelt i 1990, og er i f\u00f8rsterekke en p\u00e5skj\u00f8nnelse til personer eller bedrifter som har utmerket seg i lokalt n\u00e6ringsliv. Prisen deles ut av fondstyre (formannskap), etter at publikum har kommet med forslag p\u00e5 kandidater. Vi har mange kandidater i S\u00f8r-Aurdal som fortjener en slik pris og mer til.<\/p>\n<p>Prisen<\/p>\n<p>I statuttene for prisen,\u00a7 2 st\u00e5r det at prisen skal g\u00e5 til: \u201dPersoner, bedrifter, lag og organisasjoner som i det forutg\u00e5ende \u00e5r har bidratt til \u00e5 skape\/spre positive ideer\/holdninger i S\u00f8r-Aurdal kommune. Kandidaten skal ha vist et engasjement i n\u00e6ringssammenheng og en evne og vilje til samarbeid i bygdesamfunnet, ha mot til \u00e5 st\u00e5 p\u00e5 egne ideer og t\u00f8rre \u201dstikke hodet fram\u201d. Og kandidaten skal v\u00e6re en ekte s\u00f8raurd\u00f8l.<\/p>\n<p>Tidligere vinnere<\/p>\n<p>2013 Joker Hedalen<\/p>\n<p>2012\u00a0 Heidi Moen<\/p>\n<p>2011\u00a0 Valdrestunet Matsenter<\/p>\n<p>2010\u00a0 Promek<\/p>\n<p>2009\u00a0 H\u00e5vard Sukke<\/p>\n<p>2008\u00a0\u00a0Edel Bakken<\/p>\n<p>2007\u00a0 Ikke utdelt<\/p>\n<p>2006\u00a0 Ikke utdelt<\/p>\n<p>2005\u00a0\u00a0 Ola Kleven<\/p>\n<p>2004\u00a0\u00a0 Vidar Stavedal<\/p>\n<p>2003\u00a0\u00a0 Nils Arne Bergsund<\/p>\n<p>2002\u00a0 Andreas R\u00e5heim<\/p>\n<p>2001\u00a0 Ole Arne Kv\u00e5lshaugen<\/p>\n<p>2000 Ute og Tor Tronrud<\/p>\n<p>&nbsp;<\/p>\n<p>&nbsp;<\/p>\n<p>&nbsp;<\/p>\n","protected":false},"excerpt":{"rendered":"<p>Vi ber om at forslag p\u00e5 kandidater sendes til S\u00f8r-Aurdal kommune ved Stig Solbrekken enten skriftlig eller p\u00e5 e-post\u00a0Stig.Solbrekken@sor-aurdal.kommune.no\u00a0 innen 1.5 2015\u00a0\u00a0 Positivprisen for S\u00f8r-Aurdal ble f\u00f8rste gang utdelt i 1990, og er i f\u00f8rsterekke en p\u00e5skj\u00f8nnelse til personer eller bedrifter som har utmerket seg i lokalt n\u00e6ringsliv. Prisen deles ut av fondstyre (formannskap), etter [&hellip;]<\/p>\n","protected":false},"author":3,"featured_media":0,"comment_status":"open","ping_status":"open","sticky":false,"template":"","format":"standard","meta":{"footnotes":""},"categories":[147],"tags":[],"class_list":["post-22293","post","type-post","status-publish","format-standard","hentry","category-sor-aurdal-kommune-2"],"_links":{"self":[{"href":"https:\/\/www.bagn.no\/index.php?rest_route=\/wp\/v2\/posts\/22293","targetHints":{"allow":["GET"]}}],"collection":[{"href":"https:\/\/www.bagn.no\/index.php?rest_route=\/wp\/v2\/posts"}],"about":[{"href":"https:\/\/www.bagn.no\/index.php?rest_route=\/wp\/v2\/types\/post"}],"author":[{"embeddable":true,"href":"https:\/\/www.bagn.no\/index.php?rest_route=\/wp\/v2\/users\/3"}],"replies":[{"embeddable":true,"href":"https:\/\/www.bagn.no\/index.php?rest_route=%2Fwp%2Fv2%2Fcomments&post=22293"}],"version-history":[{"count":0,"href":"https:\/\/www.bagn.no\/index.php?rest_route=\/wp\/v2\/posts\/22293\/revisions"}],"wp:attachment":[{"href":"https:\/\/www.bagn.no\/index.php?rest_route=%2Fwp%2Fv2%2Fmedia&parent=22293"}],"wp:term":[{"taxonomy":"category","embeddable":true,"href":"https:\/\/www.bagn.no\/index.php?rest_route=%2Fwp%2Fv2%2Fcategories&post=22293"},{"taxonomy":"post_tag","embeddable":true,"href":"https:\/\/www.bagn.no\/index.php?rest_route=%2Fwp%2Fv2%2Ftags&post=22293"}],"curies":[{"name":"wp","href":"https:\/\/api.w.org\/{rel}","templated":true}]}}