{"id":21841,"date":"2015-02-19T14:52:45","date_gmt":"2015-02-19T13:52:45","guid":{"rendered":"http:\/\/bagn.no\/?p=21841"},"modified":"2015-02-19T15:15:12","modified_gmt":"2015-02-19T14:15:12","slug":"ukm-valdres-2015","status":"publish","type":"post","link":"https:\/\/www.bagn.no\/?p=21841","title":{"rendered":"UKM Valdres 2015"},"content":{"rendered":"<div id=\"attachment_21842\" style=\"width: 160px\" class=\"wp-caption alignleft\"><a href=\"http:\/\/bagn.no\/wp-content\/uploads\/2015\/02\/IMG_9943_PS.jpg\" target=\"_blank\"><img loading=\"lazy\" decoding=\"async\" aria-describedby=\"caption-attachment-21842\" class=\"wp-image-21842 size-thumbnail\" src=\"http:\/\/bagn.no\/wp-content\/uploads\/2015\/02\/IMG_9943_PS-150x150.jpg\" alt=\"IMG_9943_PS\" width=\"150\" height=\"150\" srcset=\"\/wp-content\/uploads\/2015\/02\/IMG_9943_PS-scaled-150x150.jpg 150w, \/wp-content\/uploads\/2015\/02\/IMG_9943_PS-300x300.jpg 300w, \/wp-content\/uploads\/2015\/02\/IMG_9943_PS-100x100.jpg 100w\" sizes=\"auto, (max-width: 150px) 100vw, 150px\" \/><\/a><p id=\"caption-attachment-21842\" class=\"wp-caption-text\">Konferansierene, fra venstre, Tor Omar, Aurora og Jacob<\/p><\/div>\n<p>L\u00f8rdag 14. februar ble \u00e5rets UKM Valdres arrangert i Fagernes kulturhus. Det ble en lang kveld med 159 p\u00e5meldte innen sang og musikk, film og foto, sceneopptreden og utstilling. Et fullsatt kulturhus fikk se mange flotte opptredener av ungdommene i Valdres. Vil du se hvem som deltok i \u00e5rets UKM Valdres, <em><a href=\"http:\/\/ukm.no\/pl3569\/program\/\" target=\"_blank\">klikk her<\/a><\/em>. Hvem gikk videre? <a href=\"http:\/\/www.sor-aurdal.kommune.no\/aktuelt\/aktuelt\/ukm-valdres-2015.45801.aspx\" target=\"_blank\"><em>Klikk her<\/em><\/a>.<\/p>\n<p>&nbsp;<\/p>\n<p>&nbsp;<\/p>\n<p>Video av noen av deltakerne p\u00e5 Fagernes.<\/p>\n<p><iframe loading=\"lazy\" src=\"https:\/\/www.youtube.com\/embed\/0B0yq7iYcQE?list=PLqDsS6md_YIXlrdUCPlmsvDBibiwwhQQa\" width=\"640\" height=\"360\" frameborder=\"0\" allowfullscreen=\"allowfullscreen\"><\/iframe><\/p>\n","protected":false},"excerpt":{"rendered":"<p>L\u00f8rdag 14. februar ble \u00e5rets UKM Valdres arrangert i Fagernes kulturhus. Det ble en lang kveld med 159 p\u00e5meldte innen sang og musikk, film og foto, sceneopptreden og utstilling. Et fullsatt kulturhus fikk se mange flotte opptredener av ungdommene i Valdres. Vil du se hvem som deltok i \u00e5rets UKM Valdres, klikk her. Hvem gikk [&hellip;]<\/p>\n","protected":false},"author":2,"featured_media":21842,"comment_status":"open","ping_status":"open","sticky":false,"template":"","format":"standard","meta":{"footnotes":""},"categories":[78],"tags":[],"class_list":["post-21841","post","type-post","status-publish","format-standard","has-post-thumbnail","hentry","category-kultur"],"_links":{"self":[{"href":"https:\/\/www.bagn.no\/index.php?rest_route=\/wp\/v2\/posts\/21841","targetHints":{"allow":["GET"]}}],"collection":[{"href":"https:\/\/www.bagn.no\/index.php?rest_route=\/wp\/v2\/posts"}],"about":[{"href":"https:\/\/www.bagn.no\/index.php?rest_route=\/wp\/v2\/types\/post"}],"author":[{"embeddable":true,"href":"https:\/\/www.bagn.no\/index.php?rest_route=\/wp\/v2\/users\/2"}],"replies":[{"embeddable":true,"href":"https:\/\/www.bagn.no\/index.php?rest_route=%2Fwp%2Fv2%2Fcomments&post=21841"}],"version-history":[{"count":0,"href":"https:\/\/www.bagn.no\/index.php?rest_route=\/wp\/v2\/posts\/21841\/revisions"}],"wp:featuredmedia":[{"embeddable":true,"href":"https:\/\/www.bagn.no\/index.php?rest_route=\/wp\/v2\/media\/21842"}],"wp:attachment":[{"href":"https:\/\/www.bagn.no\/index.php?rest_route=%2Fwp%2Fv2%2Fmedia&parent=21841"}],"wp:term":[{"taxonomy":"category","embeddable":true,"href":"https:\/\/www.bagn.no\/index.php?rest_route=%2Fwp%2Fv2%2Fcategories&post=21841"},{"taxonomy":"post_tag","embeddable":true,"href":"https:\/\/www.bagn.no\/index.php?rest_route=%2Fwp%2Fv2%2Ftags&post=21841"}],"curies":[{"name":"wp","href":"https:\/\/api.w.org\/{rel}","templated":true}]}}