{"id":21785,"date":"2015-02-08T23:06:10","date_gmt":"2015-02-08T22:06:10","guid":{"rendered":"http:\/\/bagn.no\/?p=21785"},"modified":"2015-02-08T23:06:10","modified_gmt":"2015-02-08T22:06:10","slug":"karneval-i-kyrkja-152","status":"publish","type":"post","link":"https:\/\/www.bagn.no\/?p=21785","title":{"rendered":"Karneval i kyrkja 15\/2"},"content":{"rendered":"<p><a href=\"http:\/\/bagn.no\/wp-content\/uploads\/2015\/02\/karneval.jpg\"><img loading=\"lazy\" decoding=\"async\" class=\"alignleft size-full wp-image-21810\" src=\"http:\/\/bagn.no\/wp-content\/uploads\/2015\/02\/karneval.jpg\" alt=\"karneval\" width=\"246\" height=\"204\" \/><\/a>Hei alle barn i Bagn<\/p>\n<p>Velkommen til karneval i kyrkja s\u00f8ndag 15.februar. Dette er fastelavenss\u00f8ndag, og mange har sikkert allerede vore med p\u00e5 karneval b\u00e5de p\u00e5 skulen og i barnehagen. No vil vi sj\u00e5 om det blir g\u00f8y i kyrkja ogs\u00e5! 5.klassingane har f\u00e5tt eige brev med invitasjon til \u00e5 komme, s\u00e5 vi h\u00e5par p\u00e5 riktig mange b\u00e5de sm\u00e5 og store denne dagen. Ta med mor og far og bestemor og bestefar, kle dykk ut og kom p\u00e5 ei ny gudsteneste!<\/p>\n<p>Hilsen Signe prest<\/p>\n<p>Foto:\u00a0 Sj\u00f8mannskirken.no<\/p>\n","protected":false},"excerpt":{"rendered":"<p>Hei alle barn i Bagn Velkommen til karneval i kyrkja s\u00f8ndag 15.februar. Dette er fastelavenss\u00f8ndag, og mange har sikkert allerede vore med p\u00e5 karneval b\u00e5de p\u00e5 skulen og i barnehagen. No vil vi sj\u00e5 om det blir g\u00f8y i kyrkja ogs\u00e5! 5.klassingane har f\u00e5tt eige brev med invitasjon til \u00e5 komme, s\u00e5 vi h\u00e5par p\u00e5 [&hellip;]<\/p>\n","protected":false},"author":3,"featured_media":21810,"comment_status":"open","ping_status":"open","sticky":false,"template":"","format":"standard","meta":{"footnotes":""},"categories":[76],"tags":[],"class_list":["post-21785","post","type-post","status-publish","format-standard","has-post-thumbnail","hentry","category-kirke"],"_links":{"self":[{"href":"https:\/\/www.bagn.no\/index.php?rest_route=\/wp\/v2\/posts\/21785","targetHints":{"allow":["GET"]}}],"collection":[{"href":"https:\/\/www.bagn.no\/index.php?rest_route=\/wp\/v2\/posts"}],"about":[{"href":"https:\/\/www.bagn.no\/index.php?rest_route=\/wp\/v2\/types\/post"}],"author":[{"embeddable":true,"href":"https:\/\/www.bagn.no\/index.php?rest_route=\/wp\/v2\/users\/3"}],"replies":[{"embeddable":true,"href":"https:\/\/www.bagn.no\/index.php?rest_route=%2Fwp%2Fv2%2Fcomments&post=21785"}],"version-history":[{"count":0,"href":"https:\/\/www.bagn.no\/index.php?rest_route=\/wp\/v2\/posts\/21785\/revisions"}],"wp:featuredmedia":[{"embeddable":true,"href":"https:\/\/www.bagn.no\/index.php?rest_route=\/wp\/v2\/media\/21810"}],"wp:attachment":[{"href":"https:\/\/www.bagn.no\/index.php?rest_route=%2Fwp%2Fv2%2Fmedia&parent=21785"}],"wp:term":[{"taxonomy":"category","embeddable":true,"href":"https:\/\/www.bagn.no\/index.php?rest_route=%2Fwp%2Fv2%2Fcategories&post=21785"},{"taxonomy":"post_tag","embeddable":true,"href":"https:\/\/www.bagn.no\/index.php?rest_route=%2Fwp%2Fv2%2Ftags&post=21785"}],"curies":[{"name":"wp","href":"https:\/\/api.w.org\/{rel}","templated":true}]}}