{"id":20522,"date":"2014-06-30T23:22:11","date_gmt":"2014-06-30T21:22:11","guid":{"rendered":"http:\/\/bagn.no\/?p=20522"},"modified":"2014-07-01T00:30:19","modified_gmt":"2014-06-30T22:30:19","slug":"gruppeleir-pa-hotell-saghytta","status":"publish","type":"post","link":"https:\/\/www.bagn.no\/?p=20522","title":{"rendered":"Gruppeleir p\u00e5 &laquo;Hotell Saghytta&raquo;"},"content":{"rendered":"<p><a href=\"http:\/\/bagn.no\/wp-content\/uploads\/2014\/07\/image1-2.jpeg\"><img loading=\"lazy\" decoding=\"async\" class=\"alignleft size-medium wp-image-20524\" src=\"http:\/\/bagn.no\/wp-content\/uploads\/2014\/07\/image1-2-300x225.jpeg\" alt=\"image[1] (2)\" width=\"300\" height=\"225\" srcset=\"\/wp-content\/uploads\/2014\/07\/image1-2-300x225.jpeg 300w, \/wp-content\/uploads\/2014\/07\/image1-2-600x450.jpeg 600w, \/wp-content\/uploads\/2014\/07\/image1-2-1024x768.jpeg 1024w, \/wp-content\/uploads\/2014\/07\/image1-2.jpeg 1200w\" sizes=\"auto, (max-width: 300px) 100vw, 300px\" \/><\/a>Bagn og Begnadalen speidergrupper har igjen samarbeidet om en vellykket gruppeleir. P\u00e5 grunn av liten p\u00e5melding, ble leiren flyttet fra F\u00f8nhuskoia. Det hadde derimot ingenting \u00e5 si for stemningen for de nesten 20 speiderne som var der hele eller deler av leiren.<\/p>\n<p>Leiren startet torsdag formiddag p\u00e5 H\u00f8gemyr p\u00e5 Vest\u00e5sen. Bagasjen ble transportert inn til Saghytta ved Rundfl\u00f8ten mens speiderne tok sykkelen fatt p\u00e5 den samme strekningen. Da vi kom fram, ble vi m\u00f8tt av Espen Bl\u00e5fjelldal sin vedfyrte pizzaovn som stod klar til \u00e5 varme pitapizza til lunsj. Gjett om det smakte bedre enn sammenklemte br\u00f8dskiver i matpapir?<\/p>\n<p>Da telt og lavvoer var satt opp, var leirlivet i gang. Med n\u00e6rheten til vann, var ulike kanoaktiviteter et naturlig valg. Det var ogs\u00e5 satt opp fl\u00e5tebygging, plantefarging, pionering og kokkekamp p\u00e5 programmet. Mellom \u00f8ktene var det god tid til fritid. Noen hardhauser benyttet anledningen til \u00e5 ta en dukkert, mens andre kledde p\u00e5 seg ullgenser og lue og satte seg ved b\u00e5let.<\/p>\n<p><a href=\"http:\/\/bagn.no\/wp-content\/uploads\/2014\/07\/image1.jpeg\"><img loading=\"lazy\" decoding=\"async\" class=\"alignright size-medium wp-image-20527\" src=\"http:\/\/bagn.no\/wp-content\/uploads\/2014\/07\/image1-225x300.jpeg\" alt=\"image[1]\" width=\"225\" height=\"300\" srcset=\"\/wp-content\/uploads\/2014\/07\/image1-225x300.jpeg 225w, \/wp-content\/uploads\/2014\/07\/image1-600x800.jpeg 600w, \/wp-content\/uploads\/2014\/07\/image1-768x1024.jpeg 768w, \/wp-content\/uploads\/2014\/07\/image1.jpeg 900w\" sizes=\"auto, (max-width: 225px) 100vw, 225px\" \/><\/a><a href=\"http:\/\/bagn.no\/wp-content\/uploads\/2014\/07\/image1-3.jpeg\"><img loading=\"lazy\" decoding=\"async\" class=\"alignleft size-medium wp-image-20528\" src=\"http:\/\/bagn.no\/wp-content\/uploads\/2014\/07\/image1-3-225x300.jpeg\" alt=\"image[1] (3)\" width=\"225\" height=\"300\" srcset=\"\/wp-content\/uploads\/2014\/07\/image1-3-225x300.jpeg 225w, \/wp-content\/uploads\/2014\/07\/image1-3-600x800.jpeg 600w, \/wp-content\/uploads\/2014\/07\/image1-3-768x1024.jpeg 768w, \/wp-content\/uploads\/2014\/07\/image1-3.jpeg 900w\" sizes=\"auto, (max-width: 225px) 100vw, 225px\" \/><\/a><\/p>\n<p><a href=\"http:\/\/bagn.no\/wp-content\/uploads\/2014\/07\/image1-4.jpeg\"><img loading=\"lazy\" decoding=\"async\" class=\"alignright size-medium wp-image-20525\" src=\"http:\/\/bagn.no\/wp-content\/uploads\/2014\/07\/image1-4-225x300.jpeg\" alt=\"image[1] (4)\" width=\"225\" height=\"300\" srcset=\"\/wp-content\/uploads\/2014\/07\/image1-4-225x300.jpeg 225w, \/wp-content\/uploads\/2014\/07\/image1-4-600x800.jpeg 600w, \/wp-content\/uploads\/2014\/07\/image1-4-768x1024.jpeg 768w, \/wp-content\/uploads\/2014\/07\/image1-4.jpeg 900w\" sizes=\"auto, (max-width: 225px) 100vw, 225px\" \/><\/a><a href=\"http:\/\/bagn.no\/wp-content\/uploads\/2014\/07\/image2.jpeg\"><img loading=\"lazy\" decoding=\"async\" class=\"alignleft size-medium wp-image-20526\" src=\"http:\/\/bagn.no\/wp-content\/uploads\/2014\/07\/image2-225x300.jpeg\" alt=\"image[2]\" width=\"225\" height=\"300\" srcset=\"\/wp-content\/uploads\/2014\/07\/image2-225x300.jpeg 225w, \/wp-content\/uploads\/2014\/07\/image2-600x800.jpeg 600w, \/wp-content\/uploads\/2014\/07\/image2-768x1024.jpeg 768w, \/wp-content\/uploads\/2014\/07\/image2.jpeg 900w\" sizes=\"auto, (max-width: 225px) 100vw, 225px\" \/><\/a><\/p>\n<p>Et fast innslag p\u00e5 alle speiderleirer er leirb\u00e5let om kvelden. Patruljene som hadde ansvar for det, hadde lagt opp til et variert program med sang, konkurranser, rop og servering. Med s\u00e5 innholdrike dager og med en overdose av frisk luft, var det ikke rart at det ble relativt fort stille i teltene p\u00e5 kvelden.<\/p>\n<p>Vandrerne, de eldste speiderne v\u00e5re, var med som ledere og tok ansvar for flaggheising, m\u00e5ltider og annet program. Ja, til og med n\u00e5r utedoen skulle t\u00f8mmes, var det noen som meldte seg frivillig til oppgaven. Takk ogs\u00e5 til engasjerte foreldre som stilte opp disse dagene! Uten dere kan ikke barna f\u00e5 slike opplevelser.<\/p>\n<p>&nbsp;<\/p>\n<p><em>Tekst og foto: Gunhild V. Leite <a href=\"http:\/\/bagn.no\/wp-content\/uploads\/2014\/07\/image1-5.jpeg\"><img loading=\"lazy\" decoding=\"async\" class=\"alignright size-medium wp-image-20530\" src=\"http:\/\/bagn.no\/wp-content\/uploads\/2014\/07\/image1-5-225x300.jpeg\" alt=\"image[1] (5)\" width=\"225\" height=\"300\" srcset=\"\/wp-content\/uploads\/2014\/07\/image1-5-225x300.jpeg 225w, \/wp-content\/uploads\/2014\/07\/image1-5-600x800.jpeg 600w, \/wp-content\/uploads\/2014\/07\/image1-5-768x1024.jpeg 768w, \/wp-content\/uploads\/2014\/07\/image1-5.jpeg 900w\" sizes=\"auto, (max-width: 225px) 100vw, 225px\" \/><\/a><\/em><\/p>\n<p><a href=\"http:\/\/bagn.no\/wp-content\/uploads\/2014\/07\/image1-5.jpeg\">\u00a0<\/a><\/p>\n<p>&nbsp;<\/p>\n","protected":false},"excerpt":{"rendered":"<p>Bagn og Begnadalen speidergrupper har igjen samarbeidet om en vellykket gruppeleir. P\u00e5 grunn av liten p\u00e5melding, ble leiren flyttet fra F\u00f8nhuskoia. Det hadde derimot ingenting \u00e5 si for stemningen for de nesten 20 speiderne som var der hele eller deler av leiren. Leiren startet torsdag formiddag p\u00e5 H\u00f8gemyr p\u00e5 Vest\u00e5sen. Bagasjen ble transportert inn til [&hellip;]<\/p>\n","protected":false},"author":3,"featured_media":20524,"comment_status":"open","ping_status":"open","sticky":false,"template":"","format":"standard","meta":{"footnotes":""},"categories":[143],"tags":[],"class_list":["post-20522","post","type-post","status-publish","format-standard","has-post-thumbnail","hentry","category-speiderliv"],"_links":{"self":[{"href":"https:\/\/www.bagn.no\/index.php?rest_route=\/wp\/v2\/posts\/20522","targetHints":{"allow":["GET"]}}],"collection":[{"href":"https:\/\/www.bagn.no\/index.php?rest_route=\/wp\/v2\/posts"}],"about":[{"href":"https:\/\/www.bagn.no\/index.php?rest_route=\/wp\/v2\/types\/post"}],"author":[{"embeddable":true,"href":"https:\/\/www.bagn.no\/index.php?rest_route=\/wp\/v2\/users\/3"}],"replies":[{"embeddable":true,"href":"https:\/\/www.bagn.no\/index.php?rest_route=%2Fwp%2Fv2%2Fcomments&post=20522"}],"version-history":[{"count":0,"href":"https:\/\/www.bagn.no\/index.php?rest_route=\/wp\/v2\/posts\/20522\/revisions"}],"wp:featuredmedia":[{"embeddable":true,"href":"https:\/\/www.bagn.no\/index.php?rest_route=\/wp\/v2\/media\/20524"}],"wp:attachment":[{"href":"https:\/\/www.bagn.no\/index.php?rest_route=%2Fwp%2Fv2%2Fmedia&parent=20522"}],"wp:term":[{"taxonomy":"category","embeddable":true,"href":"https:\/\/www.bagn.no\/index.php?rest_route=%2Fwp%2Fv2%2Fcategories&post=20522"},{"taxonomy":"post_tag","embeddable":true,"href":"https:\/\/www.bagn.no\/index.php?rest_route=%2Fwp%2Fv2%2Ftags&post=20522"}],"curies":[{"name":"wp","href":"https:\/\/api.w.org\/{rel}","templated":true}]}}