{"id":19131,"date":"2014-01-01T19:49:18","date_gmt":"2014-01-01T18:49:18","guid":{"rendered":"http:\/\/bagn.no\/?p=19131"},"modified":"2014-01-01T19:54:42","modified_gmt":"2014-01-01T18:54:42","slug":"skiloyper-klare-pa-leirskogen","status":"publish","type":"post","link":"https:\/\/www.bagn.no\/?p=19131","title":{"rendered":"Skil\u00f8yper klare p\u00e5 Leirskogen"},"content":{"rendered":"<p><a href=\"http:\/\/bagn.no\/wp-content\/uploads\/2014\/01\/IMG_1797-red.jpg\"><img loading=\"lazy\" decoding=\"async\" class=\"alignright size-medium wp-image-19133\" alt=\"IMG_1797 red\" src=\"http:\/\/bagn.no\/wp-content\/uploads\/2014\/01\/IMG_1797-red-300x225.jpg\" width=\"300\" height=\"225\" srcset=\"\/wp-content\/uploads\/2014\/01\/IMG_1797-red-300x225.jpg 300w, \/wp-content\/uploads\/2014\/01\/IMG_1797-red-600x450.jpg 600w, \/wp-content\/uploads\/2014\/01\/IMG_1797-red.jpg 1000w\" sizes=\"auto, (max-width: 300px) 100vw, 300px\" \/><\/a>Da er det igjen blitt skil\u00f8yper p\u00e5 Leirskogen. L\u00f8yper er kj\u00f8rt opp fra kirka og bortover jordene til Oddvin og Arnt Magne. Vi h\u00e5per \u00e5 f\u00e5 kj\u00f8rt opp hele l\u00f8ypenettet i l\u00f8pet av uka. Det har v\u00e6rt stor innsats p\u00e5 l\u00f8ypemaskina i romjula, etter at vi for vel ei uke siden kj\u00f8rte f\u00f8rste turen, noe som endte opp med at gummibandene p\u00e5 det ene beltet r\u00f8k tvers av. Slik kan dessverre skje n\u00e5r man har 20 \u00e5r gammel gummi. Deler ble bestilt, og etter 30 timers dugnadsarbeid, med Jarle Heiene og Bj\u00f8rnar S\u00f8rb\u00f8en i spissen, og med litt hjelp av v\u00e5r faste mekaniker Svein Torgeir Stens\u00e6ter, kom beltene p\u00e5 igjen nytt\u00e5rsdagen.\u00a0 Dermed er vi klare for en ny vinter. Vi er veldig glade for at det er folk som stiller opp og bruker fritida si for at vi alle skal f\u00e5 fine l\u00f8yper. TUSEN TAKK.<\/p>\n<div id=\"attachment_19134\" style=\"width: 280px\" class=\"wp-caption alignleft\"><a href=\"http:\/\/bagn.no\/wp-content\/uploads\/2014\/01\/bj\u00f8rnar-og-Jarle-red.jpg\"><img loading=\"lazy\" decoding=\"async\" aria-describedby=\"caption-attachment-19134\" class=\" wp-image-19134 \" title=\"Jarle og Bj\u00f8rnar\" alt=\"bj\u00f8rnar og Jarle red\" src=\"http:\/\/bagn.no\/wp-content\/uploads\/2014\/01\/bj\u00f8rnar-og-Jarle-red-300x225.jpg\" width=\"270\" height=\"203\" srcset=\"\/wp-content\/uploads\/2014\/01\/bj\u00f8rnar-og-Jarle-red-300x225.jpg 300w, \/wp-content\/uploads\/2014\/01\/bj\u00f8rnar-og-Jarle-red.jpg 1000w\" sizes=\"auto, (max-width: 270px) 100vw, 270px\" \/><\/a><p id=\"caption-attachment-19134\" class=\"wp-caption-text\">Jarle Heiene og Bj\u00f8rnar S\u00f8rb\u00f8en klargj\u00f8r l\u00f8ypemaskina<\/p><\/div>\n<p>Terminliste for ski kommer veldig snart her p\u00e5 bagn.no, men vi kan fortelle at det f\u00f8rstkommende tirsdag starter med klubbrenn p\u00e5 \u00c5semyra og med skitrening p\u00e5 Leirskogen onsdag. Det blir etter samme mal som i fjor, med annenhver uke \u00c5semyra og Leirskogen.\u00a0 Skisamling med overnatting blir p\u00e5 Leirskogen 17.-18. januar. \u00a0Mer informasjon kommer.<\/p>\n<div id=\"attachment_19135\" style=\"width: 280px\" class=\"wp-caption alignright\"><a href=\"http:\/\/bagn.no\/wp-content\/uploads\/2014\/01\/IMG_1795-red.jpg\"><img loading=\"lazy\" decoding=\"async\" aria-describedby=\"caption-attachment-19135\" class=\"wp-image-19135 \" alt=\"\" src=\"http:\/\/bagn.no\/wp-content\/uploads\/2014\/01\/IMG_1795-red-300x225.jpg\" width=\"270\" height=\"203\" srcset=\"\/wp-content\/uploads\/2014\/01\/IMG_1795-red-300x225.jpg 300w, \/wp-content\/uploads\/2014\/01\/IMG_1795-red-600x450.jpg 600w, \/wp-content\/uploads\/2014\/01\/IMG_1795-red.jpg 1000w\" sizes=\"auto, (max-width: 270px) 100vw, 270px\" \/><\/a><p id=\"caption-attachment-19135\" class=\"wp-caption-text\">Den skal tidlig kr\u00f8kes som god l\u00f8ypemaskin-mekker skal bli. Markus S\u00f8rb\u00f8en.<\/p><\/div>\n<p>&nbsp;<\/p>\n<p><em>Foto \u00f8verst: Sentrale mekkere p\u00e5 l\u00f8ypemaskina er Jarle Heiene, Bj\u00f8rnar S\u00f8rb\u00f8en og Svein Torgeir Stens\u00e6ter.\u00a0 Rekruttene er Markus S\u00f8rb\u00f8en, Mikkel Johansen og Marius S\u00f8rb\u00f8en.<\/em><\/p>\n<p><a href=\"http:\/\/bagn.no\/wp-content\/uploads\/2014\/01\/IMG_1795-red.jpg\">\u00a0<\/a><\/p>\n","protected":false},"excerpt":{"rendered":"<p>Da er det igjen blitt skil\u00f8yper p\u00e5 Leirskogen. L\u00f8yper er kj\u00f8rt opp fra kirka og bortover jordene til Oddvin og Arnt Magne. Vi h\u00e5per \u00e5 f\u00e5 kj\u00f8rt opp hele l\u00f8ypenettet i l\u00f8pet av uka. Det har v\u00e6rt stor innsats p\u00e5 l\u00f8ypemaskina i romjula, etter at vi for vel ei uke siden kj\u00f8rte f\u00f8rste turen, noe [&hellip;]<\/p>\n","protected":false},"author":3,"featured_media":19133,"comment_status":"open","ping_status":"open","sticky":false,"template":"","format":"standard","meta":{"footnotes":""},"categories":[67],"tags":[],"class_list":["post-19131","post","type-post","status-publish","format-standard","has-post-thumbnail","hentry","category-bagn-il"],"_links":{"self":[{"href":"https:\/\/www.bagn.no\/index.php?rest_route=\/wp\/v2\/posts\/19131","targetHints":{"allow":["GET"]}}],"collection":[{"href":"https:\/\/www.bagn.no\/index.php?rest_route=\/wp\/v2\/posts"}],"about":[{"href":"https:\/\/www.bagn.no\/index.php?rest_route=\/wp\/v2\/types\/post"}],"author":[{"embeddable":true,"href":"https:\/\/www.bagn.no\/index.php?rest_route=\/wp\/v2\/users\/3"}],"replies":[{"embeddable":true,"href":"https:\/\/www.bagn.no\/index.php?rest_route=%2Fwp%2Fv2%2Fcomments&post=19131"}],"version-history":[{"count":0,"href":"https:\/\/www.bagn.no\/index.php?rest_route=\/wp\/v2\/posts\/19131\/revisions"}],"wp:featuredmedia":[{"embeddable":true,"href":"https:\/\/www.bagn.no\/index.php?rest_route=\/wp\/v2\/media\/19133"}],"wp:attachment":[{"href":"https:\/\/www.bagn.no\/index.php?rest_route=%2Fwp%2Fv2%2Fmedia&parent=19131"}],"wp:term":[{"taxonomy":"category","embeddable":true,"href":"https:\/\/www.bagn.no\/index.php?rest_route=%2Fwp%2Fv2%2Fcategories&post=19131"},{"taxonomy":"post_tag","embeddable":true,"href":"https:\/\/www.bagn.no\/index.php?rest_route=%2Fwp%2Fv2%2Ftags&post=19131"}],"curies":[{"name":"wp","href":"https:\/\/api.w.org\/{rel}","templated":true}]}}