{"id":18852,"date":"2013-12-01T22:43:40","date_gmt":"2013-12-01T21:43:40","guid":{"rendered":"http:\/\/bagn.no\/?p=18852"},"modified":"2013-12-02T17:50:59","modified_gmt":"2013-12-02T16:50:59","slug":"adventstida-innledet-med-nissemarsj","status":"publish","type":"post","link":"https:\/\/www.bagn.no\/?p=18852","title":{"rendered":"Adventstida innledet med nissemarsj"},"content":{"rendered":"<p style=\"text-align: left;\"><a href=\"http:\/\/bagn.no\/wp-content\/uploads\/2013\/12\/13.11.30-Nissemarsj-23-red.jpg\"><img loading=\"lazy\" decoding=\"async\" class=\"alignleft size-medium wp-image-18860\" alt=\"13.11.30 Nissemarsj (23) red\" src=\"http:\/\/bagn.no\/wp-content\/uploads\/2013\/12\/13.11.30-Nissemarsj-23-red-199x300.jpg\" width=\"199\" height=\"300\" srcset=\"\/wp-content\/uploads\/2013\/12\/13.11.30-Nissemarsj-23-red-199x300.jpg 199w, \/wp-content\/uploads\/2013\/12\/13.11.30-Nissemarsj-23-red-600x903.jpg 600w, \/wp-content\/uploads\/2013\/12\/13.11.30-Nissemarsj-23-red-680x1024.jpg 680w, \/wp-content\/uploads\/2013\/12\/13.11.30-Nissemarsj-23-red.jpg 712w\" sizes=\"auto, (max-width: 199px) 100vw, 199px\" \/><\/a>L\u00f8rdag var den store nissedagen p\u00e5 Valdrestunet, med\u00a0 fj\u00f8snisser p\u00e5 loftet, \u00a0nisseorkester, nissefotografering og ikke minst julegr\u00f8t til de sultne.\u00a0 Da m\u00f8rket senket seg, var det tid for h\u00f8ydepunktet, nissemarsjen.\u00a0\u00a0Idrettsskolen\u00a0i Bagn IL inviterte alle deltakere med venner til \u00e5 v\u00e6re med \u00e5 g\u00e5 i nissetog fra SAUS\u00a0via Dalagata og til Valdrestunet der julegrana skulle tennes.\u00a0 Og hvilket tog det ble!\u00a0 Anf\u00f8rt av Eli Marit Kvaal til\u00a0hest utgjorde sm\u00e5 og store nisser et fakkeltog som lyste opp store deler av\u00a0Bagn.\u00a0\u00a0Undertegnede v\u00e5ger p\u00e5standen om at dette var det lengste nissetoget som har g\u00e5tt gjennom Bagn sentrum i &laquo;nyere tid&raquo;.\u00a0 Vel fremme ved grantreet p\u00e5 Tunet\u00a0s\u00e5 var det tid for litt julesang f\u00f8r vips, s\u00e5 var\u00a0treet opplyst til ei flott julegran som skal glede oss i hele adventstida.\u00a0 Sm\u00e5nissene slukket faklene sine og sprang deretter inn p\u00e5 Tunet der <em>selveste<\/em> nissen ventet med gaver og kose-poser, og Mia og Tiril serverte gl\u00f8gg og twist.<\/p>\n<p style=\"text-align: left;\">Takk til idrettsskolen ved Gro Merete og Valdrestunet (og medhjelpere) som \u00a0satte oss alle i stemning n\u00e5 som adventstida innledes.<\/p>\n<p style=\"text-align: right;\">Flere nisser kan biv\u00e5nes her: <iframe loading=\"lazy\" src=\"https:\/\/skydrive.live.com\/embed?cid=AC2420DA141A0598&amp;resid=AC2420DA141A0598%212802&amp;authkey=AKTfIfcc7-leqiA\" height=\"128\" width=\"165\" frameborder=\"0\" scrolling=\"no\"><\/iframe><\/p>\n","protected":false},"excerpt":{"rendered":"<p>L\u00f8rdag var den store nissedagen p\u00e5 Valdrestunet, med\u00a0 fj\u00f8snisser p\u00e5 loftet, \u00a0nisseorkester, nissefotografering og ikke minst julegr\u00f8t til de sultne.\u00a0 Da m\u00f8rket senket seg, var det tid for h\u00f8ydepunktet, nissemarsjen.\u00a0\u00a0Idrettsskolen\u00a0i Bagn IL inviterte alle deltakere med venner til \u00e5 v\u00e6re med \u00e5 g\u00e5 i nissetog fra SAUS\u00a0via Dalagata og til Valdrestunet der julegrana skulle tennes.\u00a0 [&hellip;]<\/p>\n","protected":false},"author":3,"featured_media":18860,"comment_status":"open","ping_status":"open","sticky":false,"template":"","format":"standard","meta":{"footnotes":""},"categories":[67,78],"tags":[],"class_list":["post-18852","post","type-post","status-publish","format-standard","has-post-thumbnail","hentry","category-bagn-il","category-kultur"],"_links":{"self":[{"href":"https:\/\/www.bagn.no\/index.php?rest_route=\/wp\/v2\/posts\/18852","targetHints":{"allow":["GET"]}}],"collection":[{"href":"https:\/\/www.bagn.no\/index.php?rest_route=\/wp\/v2\/posts"}],"about":[{"href":"https:\/\/www.bagn.no\/index.php?rest_route=\/wp\/v2\/types\/post"}],"author":[{"embeddable":true,"href":"https:\/\/www.bagn.no\/index.php?rest_route=\/wp\/v2\/users\/3"}],"replies":[{"embeddable":true,"href":"https:\/\/www.bagn.no\/index.php?rest_route=%2Fwp%2Fv2%2Fcomments&post=18852"}],"version-history":[{"count":0,"href":"https:\/\/www.bagn.no\/index.php?rest_route=\/wp\/v2\/posts\/18852\/revisions"}],"wp:featuredmedia":[{"embeddable":true,"href":"https:\/\/www.bagn.no\/index.php?rest_route=\/wp\/v2\/media\/18860"}],"wp:attachment":[{"href":"https:\/\/www.bagn.no\/index.php?rest_route=%2Fwp%2Fv2%2Fmedia&parent=18852"}],"wp:term":[{"taxonomy":"category","embeddable":true,"href":"https:\/\/www.bagn.no\/index.php?rest_route=%2Fwp%2Fv2%2Fcategories&post=18852"},{"taxonomy":"post_tag","embeddable":true,"href":"https:\/\/www.bagn.no\/index.php?rest_route=%2Fwp%2Fv2%2Ftags&post=18852"}],"curies":[{"name":"wp","href":"https:\/\/api.w.org\/{rel}","templated":true}]}}