{"id":18836,"date":"2013-11-30T07:16:54","date_gmt":"2013-11-30T06:16:54","guid":{"rendered":"http:\/\/bagn.no\/?p=18836"},"modified":"2013-12-01T03:57:47","modified_gmt":"2013-12-01T02:57:47","slug":"kulturprisen-til-odd-kolsrud","status":"publish","type":"post","link":"https:\/\/www.bagn.no\/?p=18836","title":{"rendered":"Kulturprisen til Odd Kolsrud"},"content":{"rendered":"<p><a href=\"http:\/\/bagn.no\/wp-content\/uploads\/2013\/11\/Idretts-og-kulturprisen-red.jpg\"><img loading=\"lazy\" decoding=\"async\" class=\"alignleft size-medium wp-image-18838\" alt=\"Idretts og kulturprisen red\" src=\"http:\/\/bagn.no\/wp-content\/uploads\/2013\/11\/Idretts-og-kulturprisen-red-300x199.jpg\" width=\"300\" height=\"199\" srcset=\"\/wp-content\/uploads\/2013\/11\/Idretts-og-kulturprisen-red-300x199.jpg 300w, \/wp-content\/uploads\/2013\/11\/Idretts-og-kulturprisen-red-600x399.jpg 600w, \/wp-content\/uploads\/2013\/11\/Idretts-og-kulturprisen-red-1024x680.jpg 1024w, \/wp-content\/uploads\/2013\/11\/Idretts-og-kulturprisen-red.jpg 1072w\" sizes=\"auto, (max-width: 300px) 100vw, 300px\" \/><\/a><strong>S\u00f8r Aurdal Kommune har gitt \u00e5rets kulturpris til Odd Gunnar Kolsrud fra Begnadalen for\u00a0hans meritter p\u00e5 skytebanen.\u00a0 Idrettsprisen gikk til Andreas Dyve for hans innsats p\u00e5 fotballbanen.\u00a0\u00a0 <!--more--><\/strong><\/p>\n<p>Det ble en fin kulturkveld i Begnadalen p\u00e5 fredag kveld, der\u00a0&laquo;potetene&raquo; \u00a0Liv Barbro og Elling Veimodet loset oss i kjent humoristisk stil gjennom programmet.\u00a0\u00a0Varaordf\u00f8rer Svein Bakke\u00a0holdt en lengre tale med god begrunnelse for\u00a0tildeling av kulturprisen til &laquo;Skytter-Odd&raquo; Kolsrud.\u00a0\u00a0Odd Gunnar har prestert p\u00e5 sv\u00e6rt h\u00f8yt niv\u00e5 i mange \u00e5r, og har n\u00e5 ogs\u00e5 blitt dobbelt norgesmester to \u00e5r p\u00e5 rad i veteranklassen.\u00a0 I tillegg til \u00e5 inneha en sv\u00e6rt lang merittliste s\u00e5 er han en stor inspirator for alle yngre skyttere og en sv\u00e6rt viktig ressurs for Begnadalen Skytterlag. Harald Hougsrud fra Begnadalen Skytterlag utdypet dette i sin gratulasjonstale.\u00a0 Varaordf\u00f8rers tale\u00a0kan leses her: <a href=\"http:\/\/bagn.no\/wp-content\/uploads\/2013\/11\/Kulturprisen-2013.docx\">Kulturprisen 2013<\/a><\/p>\n<div id=\"attachment_18845\" style=\"width: 209px\" class=\"wp-caption alignleft\"><a href=\"http:\/\/bagn.no\/wp-content\/uploads\/2013\/11\/13.11.29-Kulturkveld-15-red.jpg\"><img loading=\"lazy\" decoding=\"async\" aria-describedby=\"caption-attachment-18845\" class=\"size-medium wp-image-18845\" alt=\"13.11.29 Kulturkveld (15) red\" src=\"http:\/\/bagn.no\/wp-content\/uploads\/2013\/11\/13.11.29-Kulturkveld-15-red-199x300.jpg\" width=\"199\" height=\"300\" srcset=\"\/wp-content\/uploads\/2013\/11\/13.11.29-Kulturkveld-15-red-199x300.jpg 199w, \/wp-content\/uploads\/2013\/11\/13.11.29-Kulturkveld-15-red-600x903.jpg 600w, \/wp-content\/uploads\/2013\/11\/13.11.29-Kulturkveld-15-red-680x1024.jpg 680w, \/wp-content\/uploads\/2013\/11\/13.11.29-Kulturkveld-15-red.jpg 712w\" sizes=\"auto, (max-width: 199px) 100vw, 199px\" \/><\/a><p id=\"caption-attachment-18845\" class=\"wp-caption-text\">Odd Kolsrud flankert av rekrutter i Begnadalen Skytterlag<\/p><\/div>\n<div id=\"attachment_18847\" style=\"width: 310px\" class=\"wp-caption alignright\"><a href=\"http:\/\/bagn.no\/wp-content\/uploads\/2013\/11\/13.11.29-Kulturkveld-38-red.jpg\"><img loading=\"lazy\" decoding=\"async\" aria-describedby=\"caption-attachment-18847\" class=\"size-medium wp-image-18847\" alt=\"13.11.29 Kulturkveld (38) red\" src=\"http:\/\/bagn.no\/wp-content\/uploads\/2013\/11\/13.11.29-Kulturkveld-38-red-300x199.jpg\" width=\"300\" height=\"199\" srcset=\"\/wp-content\/uploads\/2013\/11\/13.11.29-Kulturkveld-38-red-300x199.jpg 300w, \/wp-content\/uploads\/2013\/11\/13.11.29-Kulturkveld-38-red-600x399.jpg 600w, \/wp-content\/uploads\/2013\/11\/13.11.29-Kulturkveld-38-red-1024x680.jpg 1024w, \/wp-content\/uploads\/2013\/11\/13.11.29-Kulturkveld-38-red.jpg 1072w\" sizes=\"auto, (max-width: 300px) 100vw, 300px\" \/><\/a><p id=\"caption-attachment-18847\" class=\"wp-caption-text\">Ola F\u00f8nhus bidro med flere musikalske innslag<\/p><\/div>\n<p>Idrettsr\u00e5det hadde g\u00e5tt inn for fotballsparker Andreas Dyve som mottaker av idrettsprisen for 2013.\u00a0 Den mottok han for \u00e5 ha etablert seg\u00a0\u00a0&laquo;blant gudbrandsd\u00f8ler og spanjoler&raquo; \u00a0i Valdres FKs tropp i 2.divisjon i \u00e5r.\u00a0 Begrunnelsen kan leses her:\u00a0 <a href=\"http:\/\/bagn.no\/wp-content\/uploads\/2013\/11\/Idrettsprisen-2013.docx\">Idrettsprisen 2013<\/a>\u00a0.\u00a0 Begge prisvinnere mottok hilsninger og ekstragaver fra flere gratulanter.<\/p>\n<p>Mellom taler og hilsninger bidro Ola F\u00f8nhus og Kjell Ivar Vestrom samt Torunn og Trygve Bolstad \u00a0med musikalske perler.\u00a0 Ole Listerudbakken leste en tekst i kjent stil fra skyttermilj\u00f8.<\/p>\n<p>Se og les mer om kulturkvelden p\u00e5 <a href=\"http:\/\/begnadalen.no\/\">http:\/\/begnadalen.no\/<\/a><\/p>\n<div id=\"attachment_18849\" style=\"width: 310px\" class=\"wp-caption aligncenter\"><a href=\"http:\/\/bagn.no\/wp-content\/uploads\/2013\/11\/13.11.29-Kulturkveld-18-red.jpg\"><img loading=\"lazy\" decoding=\"async\" aria-describedby=\"caption-attachment-18849\" class=\"size-medium wp-image-18849\" alt=\"13.11.29 Kulturkveld (18) red\" src=\"http:\/\/bagn.no\/wp-content\/uploads\/2013\/11\/13.11.29-Kulturkveld-18-red-300x199.jpg\" width=\"300\" height=\"199\" srcset=\"\/wp-content\/uploads\/2013\/11\/13.11.29-Kulturkveld-18-red-300x199.jpg 300w, \/wp-content\/uploads\/2013\/11\/13.11.29-Kulturkveld-18-red-600x399.jpg 600w, \/wp-content\/uploads\/2013\/11\/13.11.29-Kulturkveld-18-red-1024x680.jpg 1024w, \/wp-content\/uploads\/2013\/11\/13.11.29-Kulturkveld-18-red.jpg 1072w\" sizes=\"auto, (max-width: 300px) 100vw, 300px\" \/><\/a><p id=\"caption-attachment-18849\" class=\"wp-caption-text\">Liv Barbro og Elling flettet sammen programmet med sm\u00e5humoristiske innslag<\/p><\/div>\n","protected":false},"excerpt":{"rendered":"<p>S\u00f8r Aurdal Kommune har gitt \u00e5rets kulturpris til Odd Gunnar Kolsrud fra Begnadalen for\u00a0hans meritter p\u00e5 skytebanen.\u00a0 Idrettsprisen gikk til Andreas Dyve for hans innsats p\u00e5 fotballbanen.\u00a0\u00a0<\/p>\n","protected":false},"author":3,"featured_media":18838,"comment_status":"open","ping_status":"open","sticky":false,"template":"","format":"standard","meta":{"footnotes":""},"categories":[74,78],"tags":[],"class_list":["post-18836","post","type-post","status-publish","format-standard","has-post-thumbnail","hentry","category-idrett","category-kultur"],"_links":{"self":[{"href":"https:\/\/www.bagn.no\/index.php?rest_route=\/wp\/v2\/posts\/18836","targetHints":{"allow":["GET"]}}],"collection":[{"href":"https:\/\/www.bagn.no\/index.php?rest_route=\/wp\/v2\/posts"}],"about":[{"href":"https:\/\/www.bagn.no\/index.php?rest_route=\/wp\/v2\/types\/post"}],"author":[{"embeddable":true,"href":"https:\/\/www.bagn.no\/index.php?rest_route=\/wp\/v2\/users\/3"}],"replies":[{"embeddable":true,"href":"https:\/\/www.bagn.no\/index.php?rest_route=%2Fwp%2Fv2%2Fcomments&post=18836"}],"version-history":[{"count":0,"href":"https:\/\/www.bagn.no\/index.php?rest_route=\/wp\/v2\/posts\/18836\/revisions"}],"wp:featuredmedia":[{"embeddable":true,"href":"https:\/\/www.bagn.no\/index.php?rest_route=\/wp\/v2\/media\/18838"}],"wp:attachment":[{"href":"https:\/\/www.bagn.no\/index.php?rest_route=%2Fwp%2Fv2%2Fmedia&parent=18836"}],"wp:term":[{"taxonomy":"category","embeddable":true,"href":"https:\/\/www.bagn.no\/index.php?rest_route=%2Fwp%2Fv2%2Fcategories&post=18836"},{"taxonomy":"post_tag","embeddable":true,"href":"https:\/\/www.bagn.no\/index.php?rest_route=%2Fwp%2Fv2%2Ftags&post=18836"}],"curies":[{"name":"wp","href":"https:\/\/api.w.org\/{rel}","templated":true}]}}