{"id":15513,"date":"2013-10-31T21:58:51","date_gmt":"2013-10-31T20:58:51","guid":{"rendered":"http:\/\/www.bagn.no\/?p=15513"},"modified":"2013-11-24T22:11:18","modified_gmt":"2013-11-24T21:11:18","slug":"david-skaran-pa-hoppsamling-pa-rena","status":"publish","type":"post","link":"https:\/\/www.bagn.no\/?p=15513","title":{"rendered":"David Skaran p\u00e5 hoppsamling p\u00e5 Rena"},"content":{"rendered":"<p><a href=\"http:\/\/bagn.no\/wp-content\/uploads\/2013\/10\/olympus-digital-camera.jpg\"><img loading=\"lazy\" decoding=\"async\" class=\"alignleft  wp-image-15515\" alt=\"OLYMPUS DIGITAL CAMERA\" src=\"http:\/\/bagn.no\/wp-content\/uploads\/2013\/10\/olympus-digital-camera.jpg\" width=\"181\" height=\"315\" \/><\/a><em>Tekst og foto:\u00a0 Sidsel Blad Skaran<\/em><\/p>\n<p>David Skaran var den eneste ungdommen fra Bagn IL som reiste p\u00e5 h\u00f8stsamling i hopp p\u00e5 Rena 26.-27. oktober. Han er med\u00a0i &laquo;ungdomsprosjektet&raquo; for Oppland\/Lillehammer hopprekrutt.<\/p>\n<p>Det var ialt 120 aktive unge hoppere\/kombinert-deltakere. Ut\u00f8verne var fra Oppland, Hedmark,\u00a0 Hordaland, M\u00f8re og Romsdal og Sogn og Fjordane. Landslagstrener Jermund Lunder med flere, var trenere for de forskjellige ut\u00f8verne. Dagene var inndelt i fire bolker,\u00a0\u00a0innetrening, utetrening, sv\u00f8mming og 3000m l\u00f8p.<\/p>\n<p>Disse hoppsamlingene\u00a0arrangeres \u00a03 ganger i \u00e5ret, fra v\u00e5r til h\u00f8st.\u00a0 Ut\u00f8verne blir testet for ferdigheter i aktivitetsniv\u00e5er i forskjellige \u00f8velser i skihopp. All trening er myntet p\u00e5 skihopping, der treningsopplegget er mye av det samme som landslaget har.<\/p>\n<p>Et utrolig l\u00e6rerikt opphold for ut\u00f8verne som l\u00e6rer at skihopping ikke bare foreg\u00e5r i skibakken. Mange nyttige teknikker de kan ha med seg i hoppbakken, n\u00e5 n\u00e5r plastsesongen er over og sn\u00f8en er noe de alle venter p\u00e5.<\/p>\n<p>Se flere bilder fra samlinga:\u00a0\u00a0 <!--more--><\/p>\n<p>&nbsp;<\/p>\n<p><a href=\"http:\/\/bagn.no\/wp-content\/uploads\/2013\/10\/img_1776-001-red.jpg\"><img loading=\"lazy\" decoding=\"async\" class=\"aligncenter size-full wp-image-15517\" alt=\"IMG_1776-001 red\" src=\"http:\/\/bagn.no\/wp-content\/uploads\/2013\/10\/img_1776-001-red.jpg\" width=\"507\" height=\"365\" \/><\/a><\/p>\n<p><a href=\"http:\/\/bagn.no\/wp-content\/uploads\/2013\/10\/img_1790-001-red.jpg\"><img loading=\"lazy\" decoding=\"async\" class=\"aligncenter size-full wp-image-15518\" alt=\"IMG_1790-001 red\" src=\"http:\/\/bagn.no\/wp-content\/uploads\/2013\/10\/img_1790-001-red.jpg\" width=\"616\" height=\"330\" \/><\/a><\/p>\n<p><a href=\"http:\/\/bagn.no\/wp-content\/uploads\/2013\/10\/img_1794-001-red.jpg\"><img loading=\"lazy\" decoding=\"async\" class=\"aligncenter size-full wp-image-15519\" alt=\"IMG_1794-001 red\" src=\"http:\/\/bagn.no\/wp-content\/uploads\/2013\/10\/img_1794-001-red.jpg\" width=\"648\" height=\"484\" \/><\/a><\/p>\n<p><a href=\"http:\/\/bagn.no\/wp-content\/uploads\/2013\/10\/img_1798-001-red.jpg\"><img loading=\"lazy\" decoding=\"async\" class=\"aligncenter size-full wp-image-15520\" alt=\"IMG_1798-001 red\" src=\"http:\/\/bagn.no\/wp-content\/uploads\/2013\/10\/img_1798-001-red.jpg\" width=\"613\" height=\"336\" \/><\/a><\/p>\n<p><a href=\"http:\/\/bagn.no\/wp-content\/uploads\/2013\/10\/img_1819-001-red.jpg\"><img loading=\"lazy\" decoding=\"async\" class=\"aligncenter size-full wp-image-15521\" alt=\"IMG_1819-001 red\" src=\"http:\/\/bagn.no\/wp-content\/uploads\/2013\/10\/img_1819-001-red.jpg\" width=\"539\" height=\"235\" \/><\/a><\/p>\n<p><a href=\"http:\/\/bagn.no\/wp-content\/uploads\/2013\/10\/img_1773-001-red.jpg\"><img loading=\"lazy\" decoding=\"async\" class=\"aligncenter size-full wp-image-15524\" alt=\"IMG_1773-001 red\" src=\"http:\/\/bagn.no\/wp-content\/uploads\/2013\/10\/img_1773-001-red.jpg\" width=\"339\" height=\"457\" \/><\/a><\/p>\n<p>&nbsp;<\/p>\n","protected":false},"excerpt":{"rendered":"<p>Tekst og foto:\u00a0 Sidsel Blad Skaran David Skaran var den eneste ungdommen fra Bagn IL som reiste p\u00e5 h\u00f8stsamling i hopp p\u00e5 Rena 26.-27. oktober. Han er med\u00a0i &laquo;ungdomsprosjektet&raquo; for Oppland\/Lillehammer hopprekrutt. Det var ialt 120 aktive unge hoppere\/kombinert-deltakere. Ut\u00f8verne var fra Oppland, Hedmark,\u00a0 Hordaland, M\u00f8re og Romsdal og Sogn og Fjordane. Landslagstrener Jermund Lunder [&hellip;]<\/p>\n","protected":false},"author":3,"featured_media":15705,"comment_status":"open","ping_status":"closed","sticky":false,"template":"","format":"standard","meta":{"footnotes":""},"categories":[67],"tags":[],"class_list":["post-15513","post","type-post","status-publish","format-standard","has-post-thumbnail","hentry","category-bagn-il"],"_links":{"self":[{"href":"https:\/\/www.bagn.no\/index.php?rest_route=\/wp\/v2\/posts\/15513","targetHints":{"allow":["GET"]}}],"collection":[{"href":"https:\/\/www.bagn.no\/index.php?rest_route=\/wp\/v2\/posts"}],"about":[{"href":"https:\/\/www.bagn.no\/index.php?rest_route=\/wp\/v2\/types\/post"}],"author":[{"embeddable":true,"href":"https:\/\/www.bagn.no\/index.php?rest_route=\/wp\/v2\/users\/3"}],"replies":[{"embeddable":true,"href":"https:\/\/www.bagn.no\/index.php?rest_route=%2Fwp%2Fv2%2Fcomments&post=15513"}],"version-history":[{"count":0,"href":"https:\/\/www.bagn.no\/index.php?rest_route=\/wp\/v2\/posts\/15513\/revisions"}],"wp:featuredmedia":[{"embeddable":true,"href":"https:\/\/www.bagn.no\/index.php?rest_route=\/wp\/v2\/media\/15705"}],"wp:attachment":[{"href":"https:\/\/www.bagn.no\/index.php?rest_route=%2Fwp%2Fv2%2Fmedia&parent=15513"}],"wp:term":[{"taxonomy":"category","embeddable":true,"href":"https:\/\/www.bagn.no\/index.php?rest_route=%2Fwp%2Fv2%2Fcategories&post=15513"},{"taxonomy":"post_tag","embeddable":true,"href":"https:\/\/www.bagn.no\/index.php?rest_route=%2Fwp%2Fv2%2Ftags&post=15513"}],"curies":[{"name":"wp","href":"https:\/\/api.w.org\/{rel}","templated":true}]}}