{"id":1486,"date":"2009-08-30T22:04:15","date_gmt":"2009-08-30T20:04:15","guid":{"rendered":"http:\/\/www.bagn.no\/?p=1486"},"modified":"2009-08-30T22:04:15","modified_gmt":"2009-08-30T20:04:15","slug":"valg-gudstjeneste-i-begnadalen-kirke-s%c3%b8ndag-6-september-kl-11-00","status":"publish","type":"post","link":"https:\/\/www.bagn.no\/?p=1486","title":{"rendered":"Valg-gudstjeneste i Begnadalen Kirke s\u00f8ndag 6.september kl. 11.00"},"content":{"rendered":"<p>I forbindelse med det n\u00e6rt forest\u00e5ende valget av nye menighetsr\u00e5d\/sokner\u00e5d og bisped\u00f8mmer\u00e5d, arrangerer menighetsr\u00e5dene i S\u00f8r-Aurdal stor festgudstjeneste.<\/p>\n<p>M\u00e5let er \u00e5 skape blest og spre interesse om valgene.<br \/>\nS\u00f8ndag 6.september tr\u00e5r vi derfor til med en gudstjeneste som samtidig skal bli en stor kulturbegivenhet.<!--more--><\/p>\n<p>\u00a0I tillegg til at begge sokneprestene i kommunen deltar sammen med v\u00e5r dyktige organist Guri Amundsplass, vil f\u00f8lgende bli \u00e5 se og h\u00f8re:<br \/>\nSangerene Therese Viken Brenden og Nikolai \u00d8yhus.<br \/>\nS\u00f8r-Aurdal Koret sammen med Vestre Slidre Sanglag.<br \/>\nNils Martin S\u00e6trang p\u00e5 trompet.<br \/>\nAkkompagnat\u00f8r Ole F\u00f8nhus.<br \/>\nI tillegg arbeides det med \u00e5 f\u00e5 p\u00e5 plass en overraskelse eller to.<\/p>\n<p>Umiddelbart etter gudstjenesten er det kirkekaffe samt mulighet for \u00e5 avlegge forh\u00e5ndsstemme til valget.<\/p>\n<p>Velm\u00f8tt!<\/p>\n<p>Ole F\u00f8nhus<br \/>\nSokner\u00e5dsleder Bagn Sokn<\/p>\n","protected":false},"excerpt":{"rendered":"<p>I forbindelse med det n\u00e6rt forest\u00e5ende valget av nye menighetsr\u00e5d\/sokner\u00e5d og bisped\u00f8mmer\u00e5d, arrangerer menighetsr\u00e5dene i S\u00f8r-Aurdal stor festgudstjeneste. M\u00e5let er \u00e5 skape blest og spre interesse om valgene. S\u00f8ndag 6.september tr\u00e5r vi derfor til med en gudstjeneste som samtidig skal bli en stor kulturbegivenhet.<\/p>\n","protected":false},"author":3,"featured_media":0,"comment_status":"open","ping_status":"closed","sticky":false,"template":"","format":"standard","meta":{"footnotes":""},"categories":[78],"tags":[],"class_list":["post-1486","post","type-post","status-publish","format-standard","hentry","category-kultur"],"_links":{"self":[{"href":"https:\/\/www.bagn.no\/index.php?rest_route=\/wp\/v2\/posts\/1486","targetHints":{"allow":["GET"]}}],"collection":[{"href":"https:\/\/www.bagn.no\/index.php?rest_route=\/wp\/v2\/posts"}],"about":[{"href":"https:\/\/www.bagn.no\/index.php?rest_route=\/wp\/v2\/types\/post"}],"author":[{"embeddable":true,"href":"https:\/\/www.bagn.no\/index.php?rest_route=\/wp\/v2\/users\/3"}],"replies":[{"embeddable":true,"href":"https:\/\/www.bagn.no\/index.php?rest_route=%2Fwp%2Fv2%2Fcomments&post=1486"}],"version-history":[{"count":0,"href":"https:\/\/www.bagn.no\/index.php?rest_route=\/wp\/v2\/posts\/1486\/revisions"}],"wp:attachment":[{"href":"https:\/\/www.bagn.no\/index.php?rest_route=%2Fwp%2Fv2%2Fmedia&parent=1486"}],"wp:term":[{"taxonomy":"category","embeddable":true,"href":"https:\/\/www.bagn.no\/index.php?rest_route=%2Fwp%2Fv2%2Fcategories&post=1486"},{"taxonomy":"post_tag","embeddable":true,"href":"https:\/\/www.bagn.no\/index.php?rest_route=%2Fwp%2Fv2%2Ftags&post=1486"}],"curies":[{"name":"wp","href":"https:\/\/api.w.org\/{rel}","templated":true}]}}