{"id":14843,"date":"2013-06-18T21:27:48","date_gmt":"2013-06-18T19:27:48","guid":{"rendered":"http:\/\/www.bagn.no\/?p=14843"},"modified":"2013-11-24T22:09:49","modified_gmt":"2013-11-24T21:09:49","slug":"suksess-for-arets-museumsstemne-familiedag","status":"publish","type":"post","link":"https:\/\/www.bagn.no\/?p=14843","title":{"rendered":"Suksess for \u00e5rets Museumsstemne \/ Familiedag"},"content":{"rendered":"<p><em>Tekst: Einar Mosleth. \u00a0Foto Rune Larheim.<\/em><\/p>\n<p><a href=\"http:\/\/www.bagn.no\/wp-content\/upLoads\/IMG_4052.jpg\" target=\"_blank\"><img loading=\"lazy\" decoding=\"async\" class=\"alignleft size-thumbnail wp-image-14844\" alt=\"IMG_4052\" src=\"http:\/\/bagn.no\/wp-content\/uploads\/2013\/06\/img_4052-150x100.jpg\" width=\"150\" height=\"100\" \/><\/a>Veret synte seg fr\u00e5 si aller beste side d\u00e5 Bagn Bygdesamling markerte sommer\u00e5pning med opne hus og mange aktivitetar sist laurdag. Folk str\u00f8ymde til ut over dagen og koste seg i sola med variert underhaldning ute og inne, mat og kaffi.<\/p>\n<p>P\u00e5 programmet sto fyrst opning av kunstutstillinga til elevane ved Kulturskulen i S\u00f8r-Aurdal. Tema for utstillinga er Edvard Munch, og l\u00e6rar Sissel A. Bakke skisserte i tala si viktige moment fr\u00e5 Munchs liv og virke. Elevane har teikna og m\u00e5la etter eige inspirasjon, og mangt eit talent har kome til syne. Utstillinga kan sj\u00e5ast i Stabelbygningen i sommar medan museet har ope.<\/p>\n<p><a href=\"http:\/\/reinli.no\/Suksess%20for%20%C3%A5rets%20Museumsstemne.htm\" target=\"_blank\"><em>Les mer p\u00e5 Reinli.no<\/em><\/a><\/p>\n","protected":false},"excerpt":{"rendered":"<p>Tekst: Einar Mosleth. \u00a0Foto Rune Larheim. Veret synte seg fr\u00e5 si aller beste side d\u00e5 Bagn Bygdesamling markerte sommer\u00e5pning med opne hus og mange aktivitetar sist laurdag. Folk str\u00f8ymde til ut over dagen og koste seg i sola med variert underhaldning ute og inne, mat og kaffi. P\u00e5 programmet sto fyrst opning av kunstutstillinga til [&hellip;]<\/p>\n","protected":false},"author":2,"featured_media":15712,"comment_status":"open","ping_status":"closed","sticky":false,"template":"","format":"standard","meta":{"footnotes":""},"categories":[78,82],"tags":[],"class_list":["post-14843","post","type-post","status-publish","format-standard","has-post-thumbnail","hentry","category-kultur","category-lokale-nyheter"],"_links":{"self":[{"href":"https:\/\/www.bagn.no\/index.php?rest_route=\/wp\/v2\/posts\/14843","targetHints":{"allow":["GET"]}}],"collection":[{"href":"https:\/\/www.bagn.no\/index.php?rest_route=\/wp\/v2\/posts"}],"about":[{"href":"https:\/\/www.bagn.no\/index.php?rest_route=\/wp\/v2\/types\/post"}],"author":[{"embeddable":true,"href":"https:\/\/www.bagn.no\/index.php?rest_route=\/wp\/v2\/users\/2"}],"replies":[{"embeddable":true,"href":"https:\/\/www.bagn.no\/index.php?rest_route=%2Fwp%2Fv2%2Fcomments&post=14843"}],"version-history":[{"count":0,"href":"https:\/\/www.bagn.no\/index.php?rest_route=\/wp\/v2\/posts\/14843\/revisions"}],"wp:featuredmedia":[{"embeddable":true,"href":"https:\/\/www.bagn.no\/index.php?rest_route=\/wp\/v2\/media\/15712"}],"wp:attachment":[{"href":"https:\/\/www.bagn.no\/index.php?rest_route=%2Fwp%2Fv2%2Fmedia&parent=14843"}],"wp:term":[{"taxonomy":"category","embeddable":true,"href":"https:\/\/www.bagn.no\/index.php?rest_route=%2Fwp%2Fv2%2Fcategories&post=14843"},{"taxonomy":"post_tag","embeddable":true,"href":"https:\/\/www.bagn.no\/index.php?rest_route=%2Fwp%2Fv2%2Ftags&post=14843"}],"curies":[{"name":"wp","href":"https:\/\/api.w.org\/{rel}","templated":true}]}}