{"id":14243,"date":"2013-05-14T22:31:22","date_gmt":"2013-05-14T20:31:22","guid":{"rendered":"http:\/\/www.bagn.no\/?p=14243"},"modified":"2013-05-14T22:31:22","modified_gmt":"2013-05-14T20:31:22","slug":"rode-kors-markering-8-mai","status":"publish","type":"post","link":"https:\/\/www.bagn.no\/?p=14243","title":{"rendered":"R\u00f8de Kors-markering 8.mai"},"content":{"rendered":"<p><a href=\"http:\/\/www.bagn.no\/wp-content\/upLoads\/DSC_0135-red.jpg\"><img loading=\"lazy\" decoding=\"async\" class=\"alignleft  wp-image-14245\" alt=\"DSC_0135 red\" src=\"http:\/\/www.bagn.no\/wp-content\/upLoads\/DSC_0135-red.jpg\" width=\"367\" height=\"233\" \/><\/a>Den 8.mai 1828 ble R\u00f8de Kors&#8217; grunnlegger Henry Dunant f\u00f8dt, og siden 1938 har denne datoen v\u00e6rt\u00a0markert som den internasjonale R\u00f8de Kors-dagen.\u00a0 S\u00f8r-Aurdal R\u00f8de Hjelpkorps\u00a0 markerte dagen ved \u00e5 st\u00e5 p\u00e5 stand ved Valdrestunet.\u00a0 Her\u00a0var korpsets leder selv, Stig Svenstad, innom, i tillegg til flere rekrutter som har hatt oppl\u00e6ring i vinter\/v\u00e5r.\u00a0 De markerte dagen ved \u00e5 informere om Hjelpekorpset samt\u00a0\u00e5\u00a0\u00a0samle inn penger til organisasjonen.<\/p>\n<p><em>Bilde til venstre:\u00a0 Ole Kristian Kamben, Thora Hansebakken, Emilie G Vestheim og Maren Sukke S\u00e6trang informerte gjerne om R\u00f8de Kors.<\/em><\/p>\n<p style=\"text-align: left;\"><em>Bilde under: Thora Hansebakken, Bj\u00f8rn Storbr\u00e5ten og Inger Garthus Asheim tok seg en runde med innsamlingsb\u00f8sser for det gode form\u00e5let.\u00a0\u00a0 <!--more--><a href=\"http:\/\/www.bagn.no\/wp-content\/upLoads\/DSC_0137-red.jpg\"><img loading=\"lazy\" decoding=\"async\" class=\"aligncenter  wp-image-14247\" alt=\"DSC_0137 red\" src=\"http:\/\/www.bagn.no\/wp-content\/upLoads\/DSC_0137-red.jpg\" width=\"579\" height=\"384\" \/><\/a><\/em><\/p>\n","protected":false},"excerpt":{"rendered":"<p>Den 8.mai 1828 ble R\u00f8de Kors&#8217; grunnlegger Henry Dunant f\u00f8dt, og siden 1938 har denne datoen v\u00e6rt\u00a0markert som den internasjonale R\u00f8de Kors-dagen.\u00a0 S\u00f8r-Aurdal R\u00f8de Hjelpkorps\u00a0 markerte dagen ved \u00e5 st\u00e5 p\u00e5 stand ved Valdrestunet.\u00a0 Her\u00a0var korpsets leder selv, Stig Svenstad, innom, i tillegg til flere rekrutter som har hatt oppl\u00e6ring i vinter\/v\u00e5r.\u00a0 De markerte dagen [&hellip;]<\/p>\n","protected":false},"author":3,"featured_media":18429,"comment_status":"open","ping_status":"closed","sticky":false,"template":"","format":"standard","meta":{"footnotes":""},"categories":[81],"tags":[],"class_list":["post-14243","post","type-post","status-publish","format-standard","has-post-thumbnail","hentry","category-lag-og-foreninger"],"_links":{"self":[{"href":"https:\/\/www.bagn.no\/index.php?rest_route=\/wp\/v2\/posts\/14243","targetHints":{"allow":["GET"]}}],"collection":[{"href":"https:\/\/www.bagn.no\/index.php?rest_route=\/wp\/v2\/posts"}],"about":[{"href":"https:\/\/www.bagn.no\/index.php?rest_route=\/wp\/v2\/types\/post"}],"author":[{"embeddable":true,"href":"https:\/\/www.bagn.no\/index.php?rest_route=\/wp\/v2\/users\/3"}],"replies":[{"embeddable":true,"href":"https:\/\/www.bagn.no\/index.php?rest_route=%2Fwp%2Fv2%2Fcomments&post=14243"}],"version-history":[{"count":0,"href":"https:\/\/www.bagn.no\/index.php?rest_route=\/wp\/v2\/posts\/14243\/revisions"}],"wp:featuredmedia":[{"embeddable":true,"href":"https:\/\/www.bagn.no\/index.php?rest_route=\/wp\/v2\/media\/18429"}],"wp:attachment":[{"href":"https:\/\/www.bagn.no\/index.php?rest_route=%2Fwp%2Fv2%2Fmedia&parent=14243"}],"wp:term":[{"taxonomy":"category","embeddable":true,"href":"https:\/\/www.bagn.no\/index.php?rest_route=%2Fwp%2Fv2%2Fcategories&post=14243"},{"taxonomy":"post_tag","embeddable":true,"href":"https:\/\/www.bagn.no\/index.php?rest_route=%2Fwp%2Fv2%2Ftags&post=14243"}],"curies":[{"name":"wp","href":"https:\/\/api.w.org\/{rel}","templated":true}]}}