{"id":13962,"date":"2013-04-14T15:42:44","date_gmt":"2013-04-14T14:42:44","guid":{"rendered":"http:\/\/www.bagn.no\/?p=13962"},"modified":"2013-11-24T22:08:59","modified_gmt":"2013-11-24T21:08:59","slug":"staut-pa-fk-senteret","status":"publish","type":"post","link":"https:\/\/www.bagn.no\/?p=13962","title":{"rendered":"STAUT p\u00e5 FK-senteret"},"content":{"rendered":"<p><em>Tekst og foto: Rune Larheim<\/em><\/p>\n<p><a href=\"http:\/\/bagn.no\/wp-content\/uploads\/2013\/04\/staut_fk-senteret120413.jpg\" target=\"_blank\"><img loading=\"lazy\" decoding=\"async\" class=\"alignleft\" alt=\"\" src=\"http:\/\/bagn.no\/wp-content\/uploads\/2013\/04\/staut_fk-senteret120413.jpg\" width=\"242\" height=\"161\" \/><\/a>Fredag ettermiddag, 12. april, holdt STAUT en minikonsert og signerte sin nye cd i 2. etg. p\u00e5 Fagernes Kj\u00f8pesenter. Mange hadde m\u00f8tt frem og ville h\u00f8re l\u00e5ter fra den nye cd-en, kj\u00f8pe den og f\u00e5 den signert. Sm\u00e5 og store stod tett for \u00e5 f\u00e5 med seg konserten, rulletrappen opp til 3. etg., som ble stoppet for anledningen, ble ogs\u00e5 benyttet. STAUT fremf\u00f8rte sanger fra den nye platen, Stugureint, og fra den forrige, Eigarlaus. Publikum var med og klappet og sang, en av de yngste ble tatt opp og utnevnt som &laquo;sjefsklapper&raquo; p\u00e5 &laquo;Slepp Me Inn&raquo;.<\/p>\n<p><em><a href=\"http:\/\/reinli.no\/STAUT%20P\u00c5%20FK-SENTERET.html\" target=\"_blank\">Les mer og se flere bilder og video p\u00e5 Reinli.no<\/a><\/em><\/p>\n","protected":false},"excerpt":{"rendered":"<p>Tekst og foto: Rune Larheim Fredag ettermiddag, 12. april, holdt STAUT en minikonsert og signerte sin nye cd i 2. etg. p\u00e5 Fagernes Kj\u00f8pesenter. Mange hadde m\u00f8tt frem og ville h\u00f8re l\u00e5ter fra den nye cd-en, kj\u00f8pe den og f\u00e5 den signert. Sm\u00e5 og store stod tett for \u00e5 f\u00e5 med seg konserten, rulletrappen opp [&hellip;]<\/p>\n","protected":false},"author":2,"featured_media":18355,"comment_status":"open","ping_status":"closed","sticky":false,"template":"","format":"standard","meta":{"footnotes":""},"categories":[78,73],"tags":[],"class_list":["post-13962","post","type-post","status-publish","format-standard","has-post-thumbnail","hentry","category-kultur","category-nyheter"],"_links":{"self":[{"href":"https:\/\/www.bagn.no\/index.php?rest_route=\/wp\/v2\/posts\/13962","targetHints":{"allow":["GET"]}}],"collection":[{"href":"https:\/\/www.bagn.no\/index.php?rest_route=\/wp\/v2\/posts"}],"about":[{"href":"https:\/\/www.bagn.no\/index.php?rest_route=\/wp\/v2\/types\/post"}],"author":[{"embeddable":true,"href":"https:\/\/www.bagn.no\/index.php?rest_route=\/wp\/v2\/users\/2"}],"replies":[{"embeddable":true,"href":"https:\/\/www.bagn.no\/index.php?rest_route=%2Fwp%2Fv2%2Fcomments&post=13962"}],"version-history":[{"count":0,"href":"https:\/\/www.bagn.no\/index.php?rest_route=\/wp\/v2\/posts\/13962\/revisions"}],"wp:featuredmedia":[{"embeddable":true,"href":"https:\/\/www.bagn.no\/index.php?rest_route=\/wp\/v2\/media\/18355"}],"wp:attachment":[{"href":"https:\/\/www.bagn.no\/index.php?rest_route=%2Fwp%2Fv2%2Fmedia&parent=13962"}],"wp:term":[{"taxonomy":"category","embeddable":true,"href":"https:\/\/www.bagn.no\/index.php?rest_route=%2Fwp%2Fv2%2Fcategories&post=13962"},{"taxonomy":"post_tag","embeddable":true,"href":"https:\/\/www.bagn.no\/index.php?rest_route=%2Fwp%2Fv2%2Ftags&post=13962"}],"curies":[{"name":"wp","href":"https:\/\/api.w.org\/{rel}","templated":true}]}}