{"id":13328,"date":"2013-02-06T11:11:27","date_gmt":"2013-02-06T10:11:27","guid":{"rendered":"http:\/\/www.bagn.no\/?p=13328"},"modified":"2013-11-24T22:08:07","modified_gmt":"2013-11-24T21:08:07","slug":"teater-kurset-er-i-gang-for-fullt","status":"publish","type":"post","link":"https:\/\/www.bagn.no\/?p=13328","title":{"rendered":"Teater-kurset er i gang for fullt!"},"content":{"rendered":"<p><i><a href=\"http:\/\/bagn.no\/wp-content\/uploads\/2013\/02\/81.jpg\"><img loading=\"lazy\" decoding=\"async\" class=\"wp-image-13329 alignright\" alt=\"8\" src=\"http:\/\/bagn.no\/wp-content\/uploads\/2013\/02\/81.jpg\" width=\"259\" height=\"173\" \/><\/a>Tekst og foto:\u00a0 Malin Haugen<\/i><\/p>\n<p><i>Det ble startet opp et teater-kurs i S\u00f8r-Aurdal i midten av januar, hovedsakelig for \u00e5 inspirere og engasjere nye revy-interesserte. Og n\u00e5 er teaterkurset veldig godt i gang, og vi har fullf\u00f8rt temaene trygghet p\u00e5 scene, dans, opptreden p\u00e5 scene og improvisasjonsteater.<\/i><\/p>\n<p>Det gjenst\u00e5r status og forumteater, som arrangeres n\u00e5 p\u00e5 torsdag den 7., manus\/tekstforfatting fredag den 15. sammen med tekstforfatter fra Torsdagskveld fra Nydalen (!!) og det blir holdt et sminkekurs torsdag den 21.<\/p>\n<p>Alle kveldene blir tilbrakt p\u00e5 Bagn Barneskole fra kl. 19-21, med unntak fra fredag den 15. med tekstforfatting, da starter vi kl. 20 og holder p\u00e5 til rundt 22! Velkommen skal du v\u00e6re! (Dette er et gratis tilbud). Kurset skal avsluttes etter vinterferien med en avslutningstur, som muligens blir til Oslo for \u00e5 se en teaterforestilling! Det skal kanskje ogs\u00e5 ordnes et lyd og lys kurs senere og!<\/p>\n<p><iframe loading=\"lazy\" src=\"https:\/\/skydrive.live.com\/embed?cid=AC2420DA141A0598&amp;resid=AC2420DA141A0598%211764&amp;authkey=AAkSZ9622feP4yg\" height=\"128\" width=\"165\" frameborder=\"0\" scrolling=\"no\"><\/iframe>Oppm\u00f8tet p\u00e5 de 3 kurs-kveldene har v\u00e6rt veldig bra. P\u00e5 improvisasjonsteater-kurset torsdag den 31. var det hele 11 oppm\u00f8tene, med spredning b\u00e5de fra Hedalen, Bagn og Reinli! Vi hadde en super kveld, og tilbakemeldingene p\u00e5 slutten av kvelden var hovedsakelig at det var <b>morsomt,<\/b> og det kan bildene illustrere.<\/p>\n","protected":false},"excerpt":{"rendered":"<p>Tekst og foto:\u00a0 Malin Haugen Det ble startet opp et teater-kurs i S\u00f8r-Aurdal i midten av januar, hovedsakelig for \u00e5 inspirere og engasjere nye revy-interesserte. Og n\u00e5 er teaterkurset veldig godt i gang, og vi har fullf\u00f8rt temaene trygghet p\u00e5 scene, dans, opptreden p\u00e5 scene og improvisasjonsteater. Det gjenst\u00e5r status og forumteater, som arrangeres n\u00e5 [&hellip;]<\/p>\n","protected":false},"author":3,"featured_media":18252,"comment_status":"open","ping_status":"closed","sticky":false,"template":"","format":"standard","meta":{"footnotes":""},"categories":[78],"tags":[],"class_list":["post-13328","post","type-post","status-publish","format-standard","has-post-thumbnail","hentry","category-kultur"],"_links":{"self":[{"href":"https:\/\/www.bagn.no\/index.php?rest_route=\/wp\/v2\/posts\/13328","targetHints":{"allow":["GET"]}}],"collection":[{"href":"https:\/\/www.bagn.no\/index.php?rest_route=\/wp\/v2\/posts"}],"about":[{"href":"https:\/\/www.bagn.no\/index.php?rest_route=\/wp\/v2\/types\/post"}],"author":[{"embeddable":true,"href":"https:\/\/www.bagn.no\/index.php?rest_route=\/wp\/v2\/users\/3"}],"replies":[{"embeddable":true,"href":"https:\/\/www.bagn.no\/index.php?rest_route=%2Fwp%2Fv2%2Fcomments&post=13328"}],"version-history":[{"count":0,"href":"https:\/\/www.bagn.no\/index.php?rest_route=\/wp\/v2\/posts\/13328\/revisions"}],"wp:featuredmedia":[{"embeddable":true,"href":"https:\/\/www.bagn.no\/index.php?rest_route=\/wp\/v2\/media\/18252"}],"wp:attachment":[{"href":"https:\/\/www.bagn.no\/index.php?rest_route=%2Fwp%2Fv2%2Fmedia&parent=13328"}],"wp:term":[{"taxonomy":"category","embeddable":true,"href":"https:\/\/www.bagn.no\/index.php?rest_route=%2Fwp%2Fv2%2Fcategories&post=13328"},{"taxonomy":"post_tag","embeddable":true,"href":"https:\/\/www.bagn.no\/index.php?rest_route=%2Fwp%2Fv2%2Ftags&post=13328"}],"curies":[{"name":"wp","href":"https:\/\/api.w.org\/{rel}","templated":true}]}}