{"id":13018,"date":"2013-01-07T09:14:44","date_gmt":"2013-01-07T08:14:44","guid":{"rendered":"http:\/\/www.bagn.no\/?p=13018"},"modified":"2013-01-07T09:14:44","modified_gmt":"2013-01-07T08:14:44","slug":"bagn-lopere-pa-skirenn","status":"publish","type":"post","link":"https:\/\/www.bagn.no\/?p=13018","title":{"rendered":"Bagn-l\u00f8pere p\u00e5 skirenn"},"content":{"rendered":"<p>Even S\u00e6teren Hippe har v\u00e6rt p\u00e5 Norgescuprenn i Steinkj\u00e6r i helga og gjort det bra. Even g\u00e5r n\u00e5 p\u00e5 NTG Lillehammer og satser meget seri\u00f8st p\u00e5 langrenn. N\u00e5l\u00f8yet er ekstremt trangt, men Even henger med.Fredag gikk han inn til en fin 19. plass, under minuttet bak vinneren p\u00e5 10 km fri. L\u00f8rdag var det sprint og Even var kun\u00a04 tideler fra\u00a0\u00e5 komme videre fra prologen. Alts\u00e5 like lang tid som det tar\u00a0\u00e5 si; &laquo;s\u00e5 irriterende&raquo;. S\u00f8ndag \u00a0var det 15 km klassisk, der ble det 27. plass\u00a0av over 150 l\u00f8pere.<!--more--><\/p>\n<p>I helga har 5 av Bagn IL sine l\u00f8pere deltatt p\u00e5 landsrenn. L\u00f8rdag gikk David Skaran G14 sitt f\u00f8rste renn for sesongen i Vang, og gjennomf\u00f8rte bra. Der var kjendisfaktoren h\u00f8y, med l\u00f8pere som Eirik Brandsdal og Anders Gl\u00f8rsen.<\/p>\n<p>S\u00f8ndag var\u00a04 l\u00f8pere fra Bagn p\u00e5 Lunner og gikk\u00a0Svearennet med over 300 deltakere. Anna Lysne Johansen gikk et meget sterkt l\u00f8p J8, og var veldig forn\u00f8yd. I G9 gikk Thomas S\u00f8rb\u00f8en et jevnt godt klassisk l\u00f8p. Det samme gjorde Vetle Lysne Johansen i G10, der det var meget stor deltakelse. Mathias Kleven i G11 m\u00e5tte g\u00e5 en litt lenger l\u00f8ype enn de tre andre og ga alt i sitt l\u00f8p, selv om klassisk ikke er favorittstilarten, gikk Mathias et godt l\u00f8p i en meget hard klasse. Alle fire var\u00a0forn\u00f8yde med dagen, noe stemningen i bilen hjem sterkt understreket.<\/p>\n<p>Resultater fra disse rennene finner du p\u00e5 langrenn.com<\/p>\n<p>I morgen, tirsdag 8. jan er det klubbrenn p\u00e5 Leirskogen i klassisk stil. Muliheter for null-l\u00f8p for de litt st\u00f8rre.<\/p>\n","protected":false},"excerpt":{"rendered":"<p>Even S\u00e6teren Hippe har v\u00e6rt p\u00e5 Norgescuprenn i Steinkj\u00e6r i helga og gjort det bra. Even g\u00e5r n\u00e5 p\u00e5 NTG Lillehammer og satser meget seri\u00f8st p\u00e5 langrenn. N\u00e5l\u00f8yet er ekstremt trangt, men Even henger med.Fredag gikk han inn til en fin 19. plass, under minuttet bak vinneren p\u00e5 10 km fri. L\u00f8rdag var det sprint [&hellip;]<\/p>\n","protected":false},"author":2,"featured_media":0,"comment_status":"open","ping_status":"closed","sticky":false,"template":"","format":"standard","meta":{"footnotes":""},"categories":[67],"tags":[],"class_list":["post-13018","post","type-post","status-publish","format-standard","hentry","category-bagn-il"],"_links":{"self":[{"href":"https:\/\/www.bagn.no\/index.php?rest_route=\/wp\/v2\/posts\/13018","targetHints":{"allow":["GET"]}}],"collection":[{"href":"https:\/\/www.bagn.no\/index.php?rest_route=\/wp\/v2\/posts"}],"about":[{"href":"https:\/\/www.bagn.no\/index.php?rest_route=\/wp\/v2\/types\/post"}],"author":[{"embeddable":true,"href":"https:\/\/www.bagn.no\/index.php?rest_route=\/wp\/v2\/users\/2"}],"replies":[{"embeddable":true,"href":"https:\/\/www.bagn.no\/index.php?rest_route=%2Fwp%2Fv2%2Fcomments&post=13018"}],"version-history":[{"count":0,"href":"https:\/\/www.bagn.no\/index.php?rest_route=\/wp\/v2\/posts\/13018\/revisions"}],"wp:attachment":[{"href":"https:\/\/www.bagn.no\/index.php?rest_route=%2Fwp%2Fv2%2Fmedia&parent=13018"}],"wp:term":[{"taxonomy":"category","embeddable":true,"href":"https:\/\/www.bagn.no\/index.php?rest_route=%2Fwp%2Fv2%2Fcategories&post=13018"},{"taxonomy":"post_tag","embeddable":true,"href":"https:\/\/www.bagn.no\/index.php?rest_route=%2Fwp%2Fv2%2Ftags&post=13018"}],"curies":[{"name":"wp","href":"https:\/\/api.w.org\/{rel}","templated":true}]}}