{"id":12681,"date":"2012-11-28T01:41:14","date_gmt":"2012-11-28T00:41:14","guid":{"rendered":"http:\/\/www.bagn.no\/?p=12681"},"modified":"2013-11-24T22:07:04","modified_gmt":"2013-11-24T21:07:04","slug":"oppdatering-fra-bolystprosjektet","status":"publish","type":"post","link":"https:\/\/www.bagn.no\/?p=12681","title":{"rendered":"Oppdatering fra Bolystprosjektet"},"content":{"rendered":"<p><em>Tekst: J\u00f8rn Damslora<\/em><\/p>\n<p><a href=\"http:\/\/bagn.no\/wp-content\/uploads\/2012\/11\/J\u00f8rn-22.jpg\" target=\"_blank\"><img loading=\"lazy\" decoding=\"async\" class=\"alignleft  wp-image-11732\" title=\"J\u00f8rn 2\" src=\"http:\/\/bagn.no\/wp-content\/uploads\/2012\/11\/J\u00f8rn-22.jpg\" alt=\"\" width=\"174\" height=\"210\" \/><\/a>N\u00e5 er det lenge siden forrige oppdatering fra Bolystprosjektet. Jeg velger en liten punktvis oppdatering.<\/p>\n<p><strong>Register lag og foreninger.<\/strong><\/p>\n<p>N\u00e5 skal det kommunale registeret over lag og foreninger v\u00e6re ganske korrekt. Likevel oppdager jeg stadig lag og foreninger i kommunen som ikke st\u00e5r i registeret. For \u00e5 forenkle kommunikasjonen mellom lag og foreninger er det en stor fordel om alle st\u00e5r i samme register. Savner du noen lag, s\u00e5 meld fra.<\/p>\n<p>En gruppe lag jeg savner er l\u00f8ypelag og hyttevel. Selv om lederne av disse lagene bor i andre kommuner mener jeg lagene tilh\u00f8rer S\u00f8r-Aurdal. Dette mener heldigvis Gunvor Elene ogs\u00e5, s\u00e5 det er bare et sp\u00f8rsm\u00e5l om tid og oppsporing f\u00f8r de er i registeret. I hvilken grad det er viktig \u00e5 ha med disse lagene i registeret kan sikkert diskuteres, men det kan ikke kalles inkluderende \u00e5 utelate dem.<\/p>\n<p><a href=\"http:\/\/reinli.no\/Oppdatering%20fra%20Bolystprosjektet.pdf\" target=\"_blank\"><em>Les mer her<\/em><\/a><\/p>\n","protected":false},"excerpt":{"rendered":"<p>Tekst: J\u00f8rn Damslora N\u00e5 er det lenge siden forrige oppdatering fra Bolystprosjektet. Jeg velger en liten punktvis oppdatering. Register lag og foreninger. N\u00e5 skal det kommunale registeret over lag og foreninger v\u00e6re ganske korrekt. Likevel oppdager jeg stadig lag og foreninger i kommunen som ikke st\u00e5r i registeret. For \u00e5 forenkle kommunikasjonen mellom lag og [&hellip;]<\/p>\n","protected":false},"author":2,"featured_media":18126,"comment_status":"open","ping_status":"closed","sticky":false,"template":"","format":"standard","meta":{"footnotes":""},"categories":[71],"tags":[],"class_list":["post-12681","post","type-post","status-publish","format-standard","has-post-thumbnail","hentry","category-bygdeutviklingsprosjektet"],"_links":{"self":[{"href":"https:\/\/www.bagn.no\/index.php?rest_route=\/wp\/v2\/posts\/12681","targetHints":{"allow":["GET"]}}],"collection":[{"href":"https:\/\/www.bagn.no\/index.php?rest_route=\/wp\/v2\/posts"}],"about":[{"href":"https:\/\/www.bagn.no\/index.php?rest_route=\/wp\/v2\/types\/post"}],"author":[{"embeddable":true,"href":"https:\/\/www.bagn.no\/index.php?rest_route=\/wp\/v2\/users\/2"}],"replies":[{"embeddable":true,"href":"https:\/\/www.bagn.no\/index.php?rest_route=%2Fwp%2Fv2%2Fcomments&post=12681"}],"version-history":[{"count":0,"href":"https:\/\/www.bagn.no\/index.php?rest_route=\/wp\/v2\/posts\/12681\/revisions"}],"wp:featuredmedia":[{"embeddable":true,"href":"https:\/\/www.bagn.no\/index.php?rest_route=\/wp\/v2\/media\/18126"}],"wp:attachment":[{"href":"https:\/\/www.bagn.no\/index.php?rest_route=%2Fwp%2Fv2%2Fmedia&parent=12681"}],"wp:term":[{"taxonomy":"category","embeddable":true,"href":"https:\/\/www.bagn.no\/index.php?rest_route=%2Fwp%2Fv2%2Fcategories&post=12681"},{"taxonomy":"post_tag","embeddable":true,"href":"https:\/\/www.bagn.no\/index.php?rest_route=%2Fwp%2Fv2%2Ftags&post=12681"}],"curies":[{"name":"wp","href":"https:\/\/api.w.org\/{rel}","templated":true}]}}