{"id":11972,"date":"2012-10-01T09:00:43","date_gmt":"2012-10-01T08:00:43","guid":{"rendered":"http:\/\/www.bagn.no\/?p=11972"},"modified":"2013-11-24T22:06:07","modified_gmt":"2013-11-24T21:06:07","slug":"bygdeutvikling-2","status":"publish","type":"post","link":"https:\/\/www.bagn.no\/?p=11972","title":{"rendered":"Bygdeutvikling"},"content":{"rendered":"<p>Som forventet drar det seg til med m\u00f8ter og aktiviteter etter som prosjektet skrider fram. Jeg har v\u00e6rt p\u00e5 et meget nyttig m\u00f8te med Valdres Natur og kulturpark der jeg informerte om v\u00e5re planer og de informerte om sine planer. Disse m\u00f8tene er viktige da vi kan dra mange veksler p\u00e5 hverandre og vi kan unng\u00e5 mye dobbeltarbeid. Forh\u00e5pentligvis kan jeg bli et bindeledd mellom VNK og dere som driver foreningsarbeid i S\u00f8r-Aurdal.<\/p>\n<p>DNT er i ferd med \u00e5 fullf\u00f8re en hytte ved Str\u00f8en. Jeg ble utfordret p\u00e5 hvor traseen videre mot Fjellheimen burde g\u00e5. Jeg har gjennom min kjennskap til veier og stier kommet med tre alternativ, som alle medf\u00f8rer at vi trolig f\u00e5r en tredje DNT-hytte i S\u00f8r-Aurdal. <a href=\"http:\/\/www.turistforeningen.no\">DNT<\/a> har 244.000 medlemmer og et fantastisk markedsf\u00f8ringsapparat som n\u00e5r fjellinteresserte mennesker. Det \u00e5 sette S\u00f8r-Aurdal p\u00e5 DNT-kartet anser jeg som s\u00e6rdeles viktig. Det er lettere \u00e5 selge noe til mennesker som allerede kjenner til et omr\u00e5de. Hva vi skal selge blir opp til den enkelte, men det kan v\u00e6re alt fra spekep\u00f8lser fra et omr\u00e5de de kjenner, til hustomt i kommunen. S\u00e5 lenge vi ikke selger sjela v\u00e5r, s\u00e5 er vel alt salg med og styrker bygdene v\u00e5re? Det blir spennende \u00e5 se hva DNT velger, n\u00e5r neste hytte kommer opp. Det st\u00e5r mellom Valdres og Hallingdal.<!--more--><\/p>\n<p><img loading=\"lazy\" decoding=\"async\" class=\"alignleft\" title=\"J\u00f8rn\" src=\"http:\/\/bagn.no\/wp-content\/uploads\/2012\/10\/J\u00f8rn-22.jpg\" alt=\"\" width=\"164\" height=\"197\" \/>Denne uka hadde jeg to spennende m\u00f8ter, f\u00f8rst med idrettslagstyret, s\u00e5 med styringsgruppa. Disse m\u00f8tene var nok mest spennende for meg, for det blir p\u00e5 en m\u00e5te en dom over arbeidet mitt. S\u00e5 langt virker begge grupper forn\u00f8yde. Det ble ogs\u00e5 gjort noen avklaringer i forhold til arbeidsfordeling. Jeg har mye morsomt arbeid i vente fremover.<\/p>\n<p>Jeg har kommet godt i gang med innkallingen til felles m\u00f8te med lag og foreninger. Invitasjonen g\u00e5r ut pr mail neste uke, men dere kan allerede n\u00e5 sette av 31. okt. Da inviterer Bagn IL v\/ prosjektet, <a href=\"http:\/\/www.valdres.no\/index.php\">Valdres Natur og Kulturpark<\/a> og S<a href=\"http:\/\/www.sor-aurdal.kommune.no\/artikkel.aspx?AId=1&amp;back=1&amp;MId1=1\" target=\"_blank\">\u00f8r-Aurdal kommune<\/a> de fleste lag og foreninger til m\u00f8te. Invitasjonen krevde mer arbeid enn jeg hadde tenkt, for jeg m\u00e5tte lage et e-postregister over alle 90 lagene f\u00f8rst. Dette registeret ble laget med god hjelp av A. Heimest\u00f8l, R. Schlytter og permen med kulturmiddels\u00f8knader. N\u00e5 er e-postregisteret p\u00e5 plass, men det m\u00e5 kvalitetssikres f\u00f8r det legges ut offentlig. N\u00e5r jeg sier at vi inviterer de fleste lag og foreninger, s\u00e5 kommer dette av at jeg tror listen har noen mangler enda. Dette betyr at lag og foreninger som ikke er invitert, er invitert, men at adresselisten ikke vet om dem. .<\/p>\n<p>I hodet mitt har det begynt \u00e5 kverne en plan. Jeg vil fors\u00f8ke \u00e5 skaffe 1 million til \u00e5 gj\u00f8re S\u00f8r-Aurdal til en kulturminnekommune. Jeg lurer litt p\u00e5 hvordan jeg skal selge inn dette h\u00e5rete m\u00e5let til andre lag og foreninger som jobber med kulturminner. Jeg har tiden fram til 31. oktober for \u00e5 finne det ut. Jeg har ofte h\u00f8rt at S\u00f8r-Aurdal lider av forgubbing, men forgubbing er jo bare enn opphopping av gode historiefortellere. Kan vi sammen bruke denne opphoppingen av historiefortellere til \u00e5 f\u00e5 folk til \u00e5 tilbringe mer tid i kommunen v\u00e5r? Greier vi \u00e5 samles om et felles m\u00e5l, har jeg stor tro p\u00e5 at jeg skal finne midlene.<\/p>\n<p>I dag, torsdag hadde jeg et meget interessant m\u00f8te med styret i Bagn Vel. Bagn Vel gj\u00f8r en fantastisk viktig jobb for Bagn. I l\u00f8pet av kvelden kom det fram noen utfordringer de trenger hjelp med. Utfordringene g\u00e5r i hovedsak p\u00e5 \u00e5 f\u00e5 med flere og det \u00e5 skaffe mer penger. Til min store glede ser jeg at dette er utfordringer jeg har mulighet til \u00e5 hjelpe dem med gjennom min jobb. Jeg liker slike utfordringer. Noen ganger lykkes jeg med det jeg pr\u00f8ver p\u00e5.<\/p>\n<p>N\u00e5 etter at styringsgruppa har sagt sitt, vet jeg hvilken retning prosjektet skal i, s\u00e5 n\u00e5 er det bare \u00e5 trykke p\u00e5 gassen.<\/p>\n<p><a href=\"http:\/\/www.bagn.no\/category\/bygdeutviklingsprosjektet\/\" target=\"_blank\">F\u00f8lg denne linken for \u00e5 se alle innleggene<\/a>\u00a0og gi gjerne innspill i kommentarfeltet under<\/p>\n","protected":false},"excerpt":{"rendered":"<p>Som forventet drar det seg til med m\u00f8ter og aktiviteter etter som prosjektet skrider fram. Jeg har v\u00e6rt p\u00e5 et meget nyttig m\u00f8te med Valdres Natur og kulturpark der jeg informerte om v\u00e5re planer og de informerte om sine planer. Disse m\u00f8tene er viktige da vi kan dra mange veksler p\u00e5 hverandre og vi kan [&hellip;]<\/p>\n","protected":false},"author":4,"featured_media":17988,"comment_status":"open","ping_status":"closed","sticky":false,"template":"","format":"standard","meta":{"footnotes":""},"categories":[71],"tags":[],"class_list":["post-11972","post","type-post","status-publish","format-standard","has-post-thumbnail","hentry","category-bygdeutviklingsprosjektet"],"_links":{"self":[{"href":"https:\/\/www.bagn.no\/index.php?rest_route=\/wp\/v2\/posts\/11972","targetHints":{"allow":["GET"]}}],"collection":[{"href":"https:\/\/www.bagn.no\/index.php?rest_route=\/wp\/v2\/posts"}],"about":[{"href":"https:\/\/www.bagn.no\/index.php?rest_route=\/wp\/v2\/types\/post"}],"author":[{"embeddable":true,"href":"https:\/\/www.bagn.no\/index.php?rest_route=\/wp\/v2\/users\/4"}],"replies":[{"embeddable":true,"href":"https:\/\/www.bagn.no\/index.php?rest_route=%2Fwp%2Fv2%2Fcomments&post=11972"}],"version-history":[{"count":0,"href":"https:\/\/www.bagn.no\/index.php?rest_route=\/wp\/v2\/posts\/11972\/revisions"}],"wp:featuredmedia":[{"embeddable":true,"href":"https:\/\/www.bagn.no\/index.php?rest_route=\/wp\/v2\/media\/17988"}],"wp:attachment":[{"href":"https:\/\/www.bagn.no\/index.php?rest_route=%2Fwp%2Fv2%2Fmedia&parent=11972"}],"wp:term":[{"taxonomy":"category","embeddable":true,"href":"https:\/\/www.bagn.no\/index.php?rest_route=%2Fwp%2Fv2%2Fcategories&post=11972"},{"taxonomy":"post_tag","embeddable":true,"href":"https:\/\/www.bagn.no\/index.php?rest_route=%2Fwp%2Fv2%2Ftags&post=11972"}],"curies":[{"name":"wp","href":"https:\/\/api.w.org\/{rel}","templated":true}]}}