{"id":11724,"date":"2012-09-15T08:46:11","date_gmt":"2012-09-15T07:46:11","guid":{"rendered":"http:\/\/www.bagn.no\/?p=11724"},"modified":"2013-11-24T22:05:48","modified_gmt":"2013-11-24T21:05:48","slug":"en-prosjektleders-betroelser","status":"publish","type":"post","link":"https:\/\/www.bagn.no\/?p=11724","title":{"rendered":"En prosjektleders betroelser &#8211; bygdeutvikling"},"content":{"rendered":"<p><a href=\"http:\/\/www.bagn.no\/wp-content\/upLoads\/J\u00f8rn-22.jpg\"><img loading=\"lazy\" decoding=\"async\" class=\"alignleft  wp-image-11732\" title=\"J\u00f8rn 2\" src=\"http:\/\/bagn.no\/wp-content\/uploads\/2012\/09\/J\u00f8rn-22-415x500.jpg\" alt=\"\" width=\"139\" height=\"168\" \/><\/a>Den observante leser vil oppdage at de ukentlige oppdateringene fra prosjektet kommer med sv\u00e6rt ulikt mellomrom. Det er fordi varighetene p\u00e5 ukene kan vare fra 2 til 20 dager. Jeg tr\u00f8ster meg med at alt blir bedre etter hvert, men er usikker p\u00e5 om det n\u00f8dvendigvis er bedre om alt blir regelmessig. I stor grad dreier min jobb seg om \u00e5 finne l\u00f8sninger p\u00e5 l\u00e5ste m\u00f8nster som stopper utvikling, tenke nytt og h\u00f8yt og inspirere andre til drive S\u00f8r-Aurdal fremover. Det blir en utfordring \u00e5 huske at jeg ikke skal realisere mest mulig p\u00e5 3 \u00e5r, men skape motivasjon og arbeidsm\u00f8nster som driver n\u00e6romr\u00e5det framover i minst 20 \u00e5r. Gj\u00f8res dette arbeidet best i et l\u00e5st m\u00f8nster?<!--more--><\/p>\n<p>Denne uken som har vart i 20 dager har g\u00e5tt med til mye grubling. Hvorfor skal grunneiere si ja til at vi skal legge sti gjennom deres skog? Hvordan skal lag som sliter med \u00f8konomien f\u00e5 endret p\u00e5 dette? Skal jeg v\u00e5ge \u00e5 nevne at det kanskje ikke finnes 90 motiverte ledere, sekret\u00e6rer, kasserere osv, slik at det kan v\u00e6re ugunstig \u00e5 ha 90 lag? Eller er det slik valgkomiteene sier at folk ikke stiller opp? Hvorfor har vi kontantbetaling i de fleste bommene n\u00e5r kundegruppen ikke lenger b\u00e6rer med seg kontanter? Hva skal jeg gj\u00f8re for at dette prosjektet ikke skal bli et slikt prosjekt som jeg har v\u00e6rt s\u00e5 kritisk til tidligere? Jeg sitter i glasshus, og jeg trives med det. Kan man stille krav til de som jobber i frivillig sektor, eller skal man takke og bukke for alle bidrag. Jeg kjenner at jeg trives best n\u00e5r jeg blir veid og m\u00e5lt. Det er mange utfordringer \u00e5 ta tak i.<\/p>\n<p>Denne uken har jeg blant annet v\u00e6rt i kommunestyret i 30 minutter. Jeg tipper det varte lenger, for kommunestyret var den perfekte forsamling for en l\u00e6rer. Jeg m\u00f8tte en gjeng disiplinerte, interesserte og engasjerte elever. Jeg tror jeg fikk plantet noen nye ideer i forsamlingen. Oppfordringen var \u00e5 tenke oppskj\u00e6ring like ofte som de jobbet med nedskj\u00e6ring. Jeg gikk fra m\u00f8tet med litt st\u00f8rre optimisme p\u00e5 S\u00f8r-Aurdal sine vegne. S\u00f8r-Aurdal har fantastisk mange muligheter. Vi ser dem bare ikke selv. De er ikke uten grunn at det m\u00e5tte en nordlending til for \u00e5 f\u00e5 ut potensialet i F\u00f8nhus sitt forfatterskap. Det var mange som snakket om \u00e5 \u00f8ke de kommunale inntektene da nedskj\u00e6ringene og skoledebatten raste, men det virker som det er f\u00e5 som husker disse tankene n\u00e5, og da snakker jeg ikke bare om kommunestyrepolitikere. Vi m\u00e5 sterkere p\u00e5 banen. Vi kan ikke vente p\u00e5 at andre skal gi oss et l\u00f8ft.<\/p>\n<p>Jeg var p\u00e5 m\u00f8te i Gjensidigestiftelsen. N\u00e5, kl 22.12 fredag 14. sept er jeg p\u00e5 tur hjem fra kontoret. Det tar tid \u00e5 skrive s\u00f8knader og fristen er 23.59. Jeg har sendt av g\u00e5rde s\u00f8knader for lag som aldri har s\u00f8kt Gjensidigestiftelsen etter penger f\u00f8r. S\u00f8knadene var ikke midt i m\u00e5lgruppen, men g\u00e5r en av de inn har jeg hentet inn ca 50.000 kroner pr time jeg har jobbet i dag. 50.000 kroner timen er bra, men det som er enda bedre er at jeg har jobbet med innkallelsen til m\u00f8tet mellom lag og freninger, VNK og kommunen. Et delm\u00e5l p\u00e5 det m\u00f8tet blir \u00e5 l\u00e6re andre lag og foreninger \u00e5 s\u00f8ke. Det er mange penger der ute. Den som ikke s\u00f8ker vet hvilket svar som kommer.<\/p>\n<p>Jeg har ogs\u00e5 sett litt p\u00e5 hvilke markedsf\u00f8ringsmuligheter vi har i dag og hvordan vi bruker dem. Svaret er s\u00e5 enkelt som at det finnes mange markedsf\u00f8ringskanaler og vi bruker dem ikke. I hodet mitt er det en strategi p\u00e5 hvordan dette skal endres. Dere skal begynne \u00e5 markedsf\u00f8re det som skjer J<\/p>\n<p>Tirsdag skal jeg i m\u00f8te med Valdres Destinasjon og Valdres Natur og Kulturpark. Det tror jeg blir et fruktbart m\u00f8te, da mange l\u00f8se tr\u00e5der kan festes til noe den dagen. Det er ogs\u00e5 avtalt m\u00f8te med Bagn Vel, slik at jeg blir litt bedre kjent med deres viktige arbeid.<\/p>\n<p>Et m\u00f8te jeg som prosjektleder hadde med folkehelsekoordinator medf\u00f8rte at jeg som idrettsr\u00e5dsleder tok henne med til idrettsr\u00e5dsm\u00f8te. N\u00e5 har hun m\u00f8terett og talerett p\u00e5 alle idrettsr\u00e5dsm\u00f8ter. Det \u00e5 bringe folk sammen blir en viktig del av prosjektet. Det er ogs\u00e5 godt med slike innlegg Lars Elsrud postet p\u00e5 forumet. Det \u00e5 koble utvikling med forskning gj\u00f8r at det blir mindre synsing og troing. P\u00e5 den andre siden har jeg litt vondt av at jeg ikke har svart han enda, men det tar tid og lese og forst\u00e5 alle vedleggene. Jeg h\u00e5per dere kaster dere p\u00e5 forumssidene. Det vanskeligste av alt er \u00e5 gjette hva andre tenker.<\/p>\n<p>Mvh<\/p>\n<p>J\u00f8rn<\/p>\n","protected":false},"excerpt":{"rendered":"<p>Den observante leser vil oppdage at de ukentlige oppdateringene fra prosjektet kommer med sv\u00e6rt ulikt mellomrom. Det er fordi varighetene p\u00e5 ukene kan vare fra 2 til 20 dager. Jeg tr\u00f8ster meg med at alt blir bedre etter hvert, men er usikker p\u00e5 om det n\u00f8dvendigvis er bedre om alt blir regelmessig. I stor grad [&hellip;]<\/p>\n","protected":false},"author":4,"featured_media":17952,"comment_status":"open","ping_status":"closed","sticky":false,"template":"","format":"standard","meta":{"footnotes":""},"categories":[66,71,82],"tags":[],"class_list":["post-11724","post","type-post","status-publish","format-standard","has-post-thumbnail","hentry","category-aktiviteter","category-bygdeutviklingsprosjektet","category-lokale-nyheter"],"_links":{"self":[{"href":"https:\/\/www.bagn.no\/index.php?rest_route=\/wp\/v2\/posts\/11724","targetHints":{"allow":["GET"]}}],"collection":[{"href":"https:\/\/www.bagn.no\/index.php?rest_route=\/wp\/v2\/posts"}],"about":[{"href":"https:\/\/www.bagn.no\/index.php?rest_route=\/wp\/v2\/types\/post"}],"author":[{"embeddable":true,"href":"https:\/\/www.bagn.no\/index.php?rest_route=\/wp\/v2\/users\/4"}],"replies":[{"embeddable":true,"href":"https:\/\/www.bagn.no\/index.php?rest_route=%2Fwp%2Fv2%2Fcomments&post=11724"}],"version-history":[{"count":0,"href":"https:\/\/www.bagn.no\/index.php?rest_route=\/wp\/v2\/posts\/11724\/revisions"}],"wp:featuredmedia":[{"embeddable":true,"href":"https:\/\/www.bagn.no\/index.php?rest_route=\/wp\/v2\/media\/17952"}],"wp:attachment":[{"href":"https:\/\/www.bagn.no\/index.php?rest_route=%2Fwp%2Fv2%2Fmedia&parent=11724"}],"wp:term":[{"taxonomy":"category","embeddable":true,"href":"https:\/\/www.bagn.no\/index.php?rest_route=%2Fwp%2Fv2%2Fcategories&post=11724"},{"taxonomy":"post_tag","embeddable":true,"href":"https:\/\/www.bagn.no\/index.php?rest_route=%2Fwp%2Fv2%2Ftags&post=11724"}],"curies":[{"name":"wp","href":"https:\/\/api.w.org\/{rel}","templated":true}]}}