{"id":111,"date":"2009-02-07T10:13:57","date_gmt":"2009-02-07T09:13:57","guid":{"rendered":"http:\/\/bagn.bjornarlie.no\/?p=111"},"modified":"2009-02-07T10:13:57","modified_gmt":"2009-02-07T09:13:57","slug":"s%c3%b8ndag-7februar-arrangerte-vestringen-ve-og-vel-akedag","status":"publish","type":"post","link":"https:\/\/www.bagn.no\/?p=111","title":{"rendered":"S\u00f8ndag 7.februar arrangerte Vestringen Ve og Vel akedag !"},"content":{"rendered":"<p>Med nysn\u00f8, h\u00f8ge br\u00f8ytekanter og 7  \t\t\t\tminusgrader ble det en vellykket akedag i gamlevegen i Vestbygda  \t\t\t\t!<a class=\\\"shutterset_\\\" href=\\\"http:\/\/bagn.bjornarlie.no\/wp-content\/gallery\/galleri\/0902072.jpg\\\"><img class=\\\"ngg-singlepic ngg-right\\\" src=\\\"http:\/\/bagn.bjornarlie.no\/wp-content\/gallery\/galleri\/thumbs\/thumbs_0902072.jpg\\\" alt=\\\"0902072.jpg\\\" \/><\/a><\/p>\n<p><!--more--><\/p>\n<p><!--[if gte mso 9]><xml> <w:WordDocument> <w:View>Normal<\/w:View> <w:Zoom>0<\/w:Zoom> <w:HyphenationZone>21<\/w:HyphenationZone> <w:PunctuationKerning \/> <w:ValidateAgainstSchemas \/> <w:SaveIfXMLInvalid>false<\/w:SaveIfXMLInvalid> <w:IgnoreMixedContent>false<\/w:IgnoreMixedContent> <w:AlwaysShowPlaceholderText>false<\/w:AlwaysShowPlaceholderText> <w:Compatibility> <w:BreakWrappedTables \/> <w:SnapToGridInCell \/> <w:WrapTextWithPunct \/> <w:UseAsianBreakRules \/> <w:DontGrowAutofit \/> <\/w:Compatibility> <w:BrowserLevel>MicrosoftInternetExplorer4<\/w:BrowserLevel> <\/w:WordDocument> <\/xml><![endif]--><!--[if gte mso 9]><xml> <w:LatentStyles DefLockedState=\\\"false\\\" LatentStyleCount=\\\"156\\\"> <\/w:LatentStyles> <\/xml><![endif]--><\/p>\n<p><!--[if gte mso 10]>\n<mce:style><!   \/* Style Definitions *\/  table.MsoNormalTable \t{mso-style-name:\\\"Vanlig tabell\\\"; \tmso-tstyle-rowband-size:0; \tmso-tstyle-colband-size:0; \tmso-style-noshow:yes; \tmso-style-parent:\\\"\\\"; \tmso-padding-alt:0cm 5.4pt 0cm 5.4pt; \tmso-para-margin:0cm; \tmso-para-margin-bottom:.0001pt; \tmso-pagination:widow-orphan; \tfont-size:10.0pt; \tfont-family:\\\"Times New Roman\\\"; \tmso-ansi-language:#0400; \tmso-fareast-language:#0400; \tmso-bidi-language:#0400;} --><\/p>\n<p><!--[endif]--><span style=\\\"font-size: 10pt; font-family: Arial;\\\">50 stykker samla seg p\u00e5 Skarsbakkin, klare med snowracere, akebrett og kjelker med og uten ratt.<br \/>\nVegen vart \\&#8221;stengt\\&#8221;, og da var det bare \\&#8221;\u00e5\u00a0gi gass\\&#8221;\u00a0ned til Karlsgottsvingen. <\/span><span style=\\\"font-size: 10pt; font-family: Arial;\\\"> Traktor og henger gjorde turen opp til toppen\u00a0igjen b\u00e5de morsom\u00a0og raskere!<br \/>\nEtter et par turer ble det p\u00f8lsegrilling og kaffekos, f\u00f8r alle igjen var klare til flere fartsfylte turer.<\/span><\/p>\n<p><span style=\\\"font-size: 10pt; font-family: Arial;\\\"><a class=\\\"shutterset_\\\" href=\\\"http:\/\/bagn.bjornarlie.no\/wp-content\/gallery\/galleri\/0902071.jpg\\\"><img class=\\\"ngg-singlepic ngg-none\\\" src=\\\"http:\/\/bagn.bjornarlie.no\/wp-content\/gallery\/galleri\/thumbs\/thumbs_0902071.jpg\\\" alt=\\\"0902071.jpg\\\" \/><\/a><\/span><\/p>\n<p><span style=\\\"font-size: 10pt; font-family: Arial;\\\"><a class=\\\"shutterset_\\\" href=\\\"http:\/\/bagn.bjornarlie.no\/wp-content\/gallery\/galleri\/0902072.jpg\\\"><img class=\\\"ngg-singlepic ngg-none\\\" src=\\\"http:\/\/bagn.bjornarlie.no\/wp-content\/gallery\/galleri\/thumbs\/thumbs_0902072.jpg\\\" alt=\\\"0902072.jpg\\\" \/><\/a><\/span><\/p>\n<p><span style=\\\"font-size: 10pt; font-family: Arial;\\\"><a class=\\\"shutterset_\\\" href=\\\"http:\/\/bagn.bjornarlie.no\/wp-content\/gallery\/galleri\/0902073.jpg\\\"><img class=\\\"ngg-singlepic ngg-none\\\" src=\\\"http:\/\/bagn.bjornarlie.no\/wp-content\/gallery\/galleri\/thumbs\/thumbs_0902073.jpg\\\" alt=\\\"0902073.jpg\\\" \/><\/a><\/span><\/p>\n<p><span style=\\\"font-size: 10pt; font-family: Arial;\\\"><a class=\\\"shutterset_\\\" href=\\\"http:\/\/bagn.bjornarlie.no\/wp-content\/gallery\/galleri\/0902074.jpg\\\"><img class=\\\"ngg-singlepic ngg-none\\\" src=\\\"http:\/\/bagn.bjornarlie.no\/wp-content\/gallery\/galleri\/thumbs\/thumbs_0902074.jpg\\\" alt=\\\"0902074.jpg\\\" \/><\/a><\/span><\/p>\n<p><span style=\\\"font-size: 10pt; font-family: Arial;\\\"><a class=\\\"shutterset_\\\" href=\\\"http:\/\/bagn.bjornarlie.no\/wp-content\/gallery\/galleri\/0902075.jpg\\\"><img class=\\\"ngg-singlepic ngg-none\\\" src=\\\"http:\/\/bagn.bjornarlie.no\/wp-content\/gallery\/galleri\/thumbs\/thumbs_0902075.jpg\\\" alt=\\\"0902075.jpg\\\" \/><\/a><\/span><\/p>\n<p><span style=\\\"font-size: 10pt; font-family: Arial;\\\"><br \/>\n<\/span><\/p>\n","protected":false},"excerpt":{"rendered":"<p>Med nysn\u00f8, h\u00f8ge br\u00f8ytekanter og 7 minusgrader ble det en vellykket akedag i gamlevegen i Vestbygda !<\/p>\n","protected":false},"author":2,"featured_media":0,"comment_status":"open","ping_status":"open","sticky":false,"template":"","format":"standard","meta":{"footnotes":""},"categories":[72],"tags":[],"class_list":["post-111","post","type-post","status-publish","format-standard","hentry","category-diverse"],"_links":{"self":[{"href":"https:\/\/www.bagn.no\/index.php?rest_route=\/wp\/v2\/posts\/111","targetHints":{"allow":["GET"]}}],"collection":[{"href":"https:\/\/www.bagn.no\/index.php?rest_route=\/wp\/v2\/posts"}],"about":[{"href":"https:\/\/www.bagn.no\/index.php?rest_route=\/wp\/v2\/types\/post"}],"author":[{"embeddable":true,"href":"https:\/\/www.bagn.no\/index.php?rest_route=\/wp\/v2\/users\/2"}],"replies":[{"embeddable":true,"href":"https:\/\/www.bagn.no\/index.php?rest_route=%2Fwp%2Fv2%2Fcomments&post=111"}],"version-history":[{"count":0,"href":"https:\/\/www.bagn.no\/index.php?rest_route=\/wp\/v2\/posts\/111\/revisions"}],"wp:attachment":[{"href":"https:\/\/www.bagn.no\/index.php?rest_route=%2Fwp%2Fv2%2Fmedia&parent=111"}],"wp:term":[{"taxonomy":"category","embeddable":true,"href":"https:\/\/www.bagn.no\/index.php?rest_route=%2Fwp%2Fv2%2Fcategories&post=111"},{"taxonomy":"post_tag","embeddable":true,"href":"https:\/\/www.bagn.no\/index.php?rest_route=%2Fwp%2Fv2%2Ftags&post=111"}],"curies":[{"name":"wp","href":"https:\/\/api.w.org\/{rel}","templated":true}]}}